{"id":2355,"date":"2025-11-20T14:00:08","date_gmt":"2025-11-20T13:00:08","guid":{"rendered":"https:\/\/wp2.keystone.live\/?p=2355"},"modified":"2025-11-20T14:00:08","modified_gmt":"2025-11-20T13:00:08","slug":"az-epitkezesek-uj-korszaka-ahol-a-szamok-nem-hazudnak","status":"publish","type":"post","link":"https:\/\/keystone.live\/en\/2025\/11\/20\/az-epitkezesek-uj-korszaka-ahol-a-szamok-nem-hazudnak\/","title":{"rendered":"Az \u00e9p\u00edtkez\u00e9sek \u00faj korszaka, ahol a sz\u00e1mok nem hazudnak"},"content":{"rendered":"<p><b>\u201eA terv mell\u00e9 v\u00e9gre meg\u00e9rkezik a val\u00f3s \u00e1r is.\u201d<br \/>\n<\/b><span style=\"font-weight: 400;\">Nagyinterj\u00fa a Keystone csapat\u00e1val \u2013 a Fer-Tex Bau k\u00e9rdez.<\/span><\/p>\n<p><b>R\u00e9sztvev\u0151k<br \/>\n<\/b><b>Keystone:<\/b><span style=\"font-weight: 400;\"> \u00c1g\u00f3 M\u00e1ty\u00e1s Attila; dr. Papp D\u00e1niel<br \/>\n<\/span><b>Fer-Tex Bau:<\/b><span style=\"font-weight: 400;\"> Perger Bal\u00e1zs; Perger-Erd\u00e9lyi Dalma<\/span><\/p>\n<p>&nbsp;<\/p>\n<p><span style=\"font-weight: 400;\">Le\u00fclt\u00fcnk besz\u00e9lgetni egy csapattal, akik nem csod\u00e1t \u00edg\u00e9rnek, csak tiszta k\u00e9pet: mennyi az annyi egy h\u00e1z elej\u00e9n. Mert mi, a Fer-Tex Bau (modern, fenntarthat\u00f3s\u00e1g-f\u00f3kusz\u00fa gener\u00e1lkivitelez\u0151, CLT-ben is er\u0151s kompetenci\u00e1val) pontosan tudjuk, hol borulnak el a projektek: ott, ahol a lelkes skiccek mell\u00e9 nem \u00e9rkezik id\u0151ben re\u00e1lis, t\u00e9teles kalkul\u00e1ci\u00f3. A Keystone erre \u00e9p\u00edtette a term\u00e9k\u00e9t: m\u00e1rkaf\u00fcggetlen, BIM-alap\u00fa d\u00f6nt\u00e9st\u00e1mogat\u00f3 fel\u00fcletet, amely n\u00e9h\u00e1ny kattint\u00e1ssal r\u00e9szletes beker\u00fcl\u00e9si k\u00e9pet ad \u2013 \u00e9s innen egy gombnyom\u00e1s a konkr\u00e9t aj\u00e1nlatk\u00e9r\u00e9s.<\/span><\/p>\n<p><span style=\"font-weight: 400;\">2025 tavasz\u00e1n kezdt\u00fcnk vel\u00fck egyeztetni, m\u00e1jus 30.-a \u00f3ta szerz\u0151d\u00f6tt partnerk\u00e9nt szerepl\u00fcnk a rendszer\u00fckben, \u201ev\u00e1laszthat\u00f3 kivitelez\u0151k\u00e9nt\u201d is megjelen\u00fcnk a kalkul\u00e1ci\u00f3s n\u00e9zetben. K\u00f6z\u00f6s, lez\u00e1rt projekt m\u00e9g nincs, de az el\u0151k\u00e9sz\u00edt\u00e9s fut \u2013 \u00e9s k\u00f6zben rendszeresen adunk fejleszt\u00e9si visszajelz\u00e9seket is.<\/span><\/p>\n<p>&nbsp;<\/p>\n<h3><span style=\"font-weight: 400;\">Az els\u0151 k\u00e9rd\u00e9sek \u2013 \u00e9s a v\u00e1laszok<\/span><\/h3>\n<p><b>K\u00e9rlek, mes\u00e9ljetek r\u00f6viden a Keystone alap\u00edt\u00e1s\u00e1r\u00f3l! Mi inspir\u00e1lt benneteket a v\u00e1llalkoz\u00e1s elind\u00edt\u00e1s\u00e1ra?<\/b><\/p>\n<p><span style=\"font-weight: 400;\">\u201eA c\u00e9get 3 \u00e9ve alap\u00edtottuk \u00e9s 5 h\u00f3napja vagyunk kint a piacon els\u0151 term\u00e9k\u00fcnkkel. Szeretn\u00e9nk egy olyan platformot adni a magyar \u00e9p\u00edt\u0151iparnak, amely kihaszn\u00e1lja a digitaliz\u00e1ci\u00f3ban rejl\u0151 lehet\u0151s\u00e9geket, seg\u00edt a d\u00f6nt\u00e9shoz\u00e1sban \u00e9s 100%-ban transzparens az \u00e9p\u00edtkezni v\u00e1gy\u00f3k ir\u00e1ny\u00e1ba.<\/span><\/p>\n<p><span style=\"font-weight: 400;\">Jelenleg \u00fagy n\u00e9z ki egy kis l\u00e9pt\u00e9k\u0171 beruh\u00e1z\u00e1s itthon, hogy a folyamat kezdet\u00e9n a megrendel\u0151nek \u00fagy kell belev\u00e1gni, hogy legt\u00f6bbsz\u00f6r nincs tiszt\u00e1ban a v\u00e1rhat\u00f3 beker\u00fcl\u00e9ssel, emiatt pedig rengeteg konfliktus keletkezik. Ezt az inform\u00e1ci\u00f3s aszimmetri\u00e1t hivatott megoldani a Keystone k\u00f6lts\u00e9gbecsl\u0151 szolg\u00e1ltat\u00e1sa: p\u00e1r perc alatt megismerhet\u0151v\u00e9 teszi a f\u0151 sz\u00e1mokat \u2013 rengeteg p\u00e9nzt, id\u0151t, energi\u00e1t \u00e9s bossz\u00fas\u00e1got sp\u00f3rolva.\u201d<\/span><\/p>\n<p>&nbsp;<\/p>\n<p><b>Miben k\u00fcl\u00f6nb\u00f6zik a Keystone m\u00e1s hasonl\u00f3 szolg\u00e1ltat\u00f3kt\u00f3l? Mi az igazi er\u0151ss\u00e9getek?<\/b><\/p>\n<p><span style=\"font-weight: 400;\">\u201eSok k\u00f6lts\u00e9gbecsl\u0151 l\u00e9tezik, de vagy m\u00e9rn\u00f6ki fel\u00fcletek, amelyeket a laikus nem \u00e9rt, vagy nem f\u00fcggetlen kalkul\u00e1torok (egy c\u00e9ghez k\u00f6tve m\u0171k\u00f6dnek). A Keystone m\u00e1rkaf\u00fcggetlen, szakmailag megalapozott, BIM-alapokra \u00e9p\u00fcl, \u00e9s h\u00e9tk\u00f6znapi emberek sz\u00e1m\u00e1ra is \u00e9rthet\u0151. R\u00e1ad\u00e1sul seg\u00edt a megfelel\u0151 \u00e9p\u00edt\u00e9si rendszer kiv\u00e1laszt\u00e1s\u00e1ban az adott beruh\u00e1z\u00e1shoz.\u201d<\/span><\/p>\n<p>&nbsp;<\/p>\n<p><b>Hogyan l\u00e1tj\u00e1tok a digitaliz\u00e1ci\u00f3 szerep\u00e9t az ingatlan- \u00e9s \u00e9p\u00edt\u0151iparban?<\/b><\/p>\n<p><span style=\"font-weight: 400;\">\u201eAz \u00e9p\u00edt\u0151ipar vil\u00e1gszinten az egyik legelmaradottabb a digitaliz\u00e1ci\u00f3ban, teh\u00e1t van hova fejl\u0151dni. A BIM \u00e9s a mesters\u00e9ges intelligencia n\u00f6veli a hat\u00e9konys\u00e1got, az adatalap\u00fa d\u00f6nt\u00e9shozatalt, az er\u0151forr\u00e1sok optim\u00e1lis kihaszn\u00e1l\u00e1s\u00e1t, \u00e9s \u00e1tl\u00e1that\u00f3s\u00e1got hoz. Emellett k\u00f6rnyezeti szempontokat is \u00e9rv\u00e9nyes\u00edt, t\u00e1mogatja a fenntarthat\u00f3 v\u00e1rosfejleszt\u00e9st \u00e9s az energiahat\u00e9kony \u00e9p\u00fcleteket.\u201d<\/span><\/p>\n<p>&nbsp;<\/p>\n<p><b>Milyen \u00fcgyfelekkel dolgoztok leggyakrabban, milyen ig\u00e9nyekkel?<\/b><\/p>\n<p><span style=\"font-weight: 400;\">\u201eOlyan platformot \u00e1lmodtunk meg, amely transzparensen \u00f6sszekapcsolja a keresletet \u00e9s a k\u00edn\u00e1latot \u2013 ahogy a Netrisk vagy a Bankmonitor tette a saj\u00e1t piac\u00e1n. A keresleti oldal a csal\u00e1di h\u00e1zra, nyaral\u00f3ra v\u00e1gy\u00f3 \u00e9p\u00edttet\u0151k. A nagy elk\u00f6telez\u0151d\u00e9sek el\u0151tt gyors, egyszer\u0171 k\u00f6lts\u00e9gbecsl\u00e9s k\u00e9sz\u00fcl n\u00e9h\u00e1ny param\u00e9ter alapj\u00e1n. V\u00e1llaljuk egyedi tervek elk\u00e9sz\u00edt\u00e9s\u00e9t is telekre szabva, amivel m\u00e9g pontosabbak tudnak lenni az \u00e1rak.\u201d<\/span><\/p>\n<p>&nbsp;<\/p>\n<p><b>Mennyire pontos a becsl\u00e9setek, honnan j\u00f6nnek az \u00e1rak?<\/b><\/p>\n<p><span style=\"font-weight: 400;\">\u201eAlapvet\u0151en val\u00f3s projektek k\u00f6lts\u00e9gvet\u00e9s\u00e9t fejtj\u00fck vissza, elemekre bontva. Az egyik legnagyobb k\u00f6lts\u00e9gelem, az \u00e9p\u00fcletszerkezet tekintet\u00e9ben nemcsak tapasztalati forr\u00e1sokra t\u00e1maszkodunk, hanem kivitelez\u0151- \u00e9s szerkezetgy\u00e1rt\u00f3 partnereink t\u0171pontos, naprak\u00e9sz \u00e1rai t\u00e1pl\u00e1lj\u00e1k a modellt. Ez nemcsak a pontoss\u00e1got n\u00f6veli, de min\u0151s\u00e9gi, agilis piacot is teremt a partnereinknek.\u201d<\/span><\/p>\n<p><span style=\"font-weight: 400;\">\u00a0<\/span><\/p>\n<p><b>Mit tartotok a legnagyobb kih\u00edv\u00e1snak a mai piacon?<\/b><\/p>\n<p><span style=\"font-weight: 400;\">\u201eAz anyag\u00e1r-emelked\u00e9s \u00e9s az infl\u00e1ci\u00f3 visszavetette az \u00faj \u00e9p\u00edtkez\u00e9seket; a hangs\u00faly a fel\u00faj\u00edt\u00e1sra tol\u00f3dott. A piac visszafogott, de ez lehet\u0151s\u00e9g is: ilyenkor k\u00fcl\u00f6n\u00f6sen \u00e9rdemes innov\u00e1lni, k\u00f6lts\u00e9ghat\u00e9kony \u00e9s fenntarthat\u00f3 m\u00f3dszereket kital\u00e1lni. A digitaliz\u00e1ci\u00f3 kulcs.\u201d<\/span><\/p>\n<p>&nbsp;<\/p>\n<p><b>Milyen egy\u00fcttm\u0171k\u00f6d\u00e9si \u00e9rt\u00e9keket kerestek partnerekben (pl. Fer-Tex Bau)?<\/b><\/p>\n<p><span style=\"font-weight: 400;\">\u201eAz alap: teljes \u00e1tl\u00e1that\u00f3s\u00e1g \u00e9s szem\u00e9lyes bizalom. A felhaszn\u00e1l\u00f3k pontos k\u00e9pet kapnak arr\u00f3l, ki mit csin\u00e1l, milyen technol\u00f3gi\u00e1val, mit kapnak a p\u00e9nz\u00fck\u00e9rt. C\u00e9lunk, hogy a Keystone-on csak hiteles, szakmailag felk\u00e9sz\u00fclt v\u00e1llalkoz\u00f3k jelenjenek meg \u2013 az \u00e9rt\u00e9krend legyen beazonos\u00edthat\u00f3.\u201d<\/span><\/p>\n<p>&nbsp;<\/p>\n<p><b>Milyen szolg\u00e1ltat\u00e1sokat k\u00edn\u00e1ltok pontosan, mit kapnak a partnereitek?<\/b><\/p>\n<p><span style=\"font-weight: 400;\">\u201eA nagyk\u00f6z\u00f6ns\u00e9gnek: el\u0151zetes, r\u00e9szletes k\u00f6lts\u00e9gbecsl\u00e9s a <\/span><a href=\"https:\/\/wp2.keystone.live\/\"><span style=\"font-weight: 400;\">keystone.live<\/span><\/a><span style=\"font-weight: 400;\">-on, p\u00e1r kattint\u00e1ssal.<\/span><\/p>\n<p><span style=\"font-weight: 400;\">A partnerek (forgalmaz\u00f3k, kivitelez\u0151k) v\u00e1laszthat\u00f3 szolg\u00e1ltat\u00e1sk\u00e9nt jelennek meg a kalkul\u00e1ci\u00f3 sor\u00e1n, saj\u00e1t bemutatkoz\u00f3 oldallal; r\u00f6vid bemutat\u00f3 vide\u00f3 k\u00e9sz\u00fcl r\u00f3luk, \u00e9s havonta egy\u00fcttm\u0171k\u00f6d\u00fcnk egy-egy \u00e1gazati influenszerrel \u2013 \u00edgy n\u00f6velj\u00fck a l\u00e1that\u00f3s\u00e1got.\u201d<\/span><\/p>\n<p>&nbsp;<\/p>\n<p><b>Mit \u00fczenn\u00e9tek azoknak, akik m\u00e9g nem ismernek benneteket?<\/b><\/p>\n<p><span style=\"font-weight: 400;\">\u201ePr\u00f3b\u00e1lj\u00e1k ki b\u00e1tran! A regisztr\u00e1ci\u00f3 ingyenes, m\u00e1r az els\u0151 l\u00e9p\u00e9s ut\u00e1n testreszabhat\u00f3, a felhaszn\u00e1l\u00f3k r\u00e9szletes k\u00f6lts\u00e9gbecsl\u00e9st kapnak. Kock\u00e1zat nincs, viszont azonnal jobb d\u00f6nt\u00e9st tudnak hozni, s\u0151t konkr\u00e9t \u00e1raj\u00e1nlatot is k\u00e9rhetnek. A szakmai felhaszn\u00e1l\u00f3kat is v\u00e1rjuk partnerk\u00e9nt, saj\u00e1t adatlappal.\u201d<\/span><\/p>\n<p>&nbsp;<\/p>\n<p><b>Hogyan indul egy \u00faj projekt a platformon?<\/b><\/p>\n<p><span style=\"font-weight: 400;\">\u201eRegisztr\u00e1ci\u00f3 \u2192 alapadatok \u2192 \u00e9p\u00edt\u00e9si rendszer v\u00e1laszt\u00e1sa (t\u00e9gla, k\u00f6nny\u0171szerkezet stb.) \u2192 a rendszer azonnal kalkul\u00e1l. A felhaszn\u00e1l\u00f3 t\u00e9telesen \u00e1tn\u00e9zheti, testre szabhatja, majd egy kattint\u00e1ssal aj\u00e1nlatot k\u00e9rhet a kiv\u00e1lasztott forgalmaz\u00f3-kivitelez\u0151t\u0151l. Innen m\u00e1r k\u00f6zvetlen szakmai egyeztet\u00e9s k\u00f6vetkezik.\u201d<\/span><\/p>\n<p>&nbsp;<\/p>\n<p><b>Van mott\u00f3tok?<\/b><\/p>\n<p><span style=\"font-weight: 400;\">\u201eBuilt on precision \u2013 pontoss\u00e1gra \u00e9p\u00edt! Minden d\u00f6nt\u00e9s m\u00f6g\u00f6tt val\u00f3s adatok \u00e9s \u00e1tl\u00e1that\u00f3 kalkul\u00e1ci\u00f3k \u00e1llnak. Egyszer\u0171s\u00e9g, \u00e9rthet\u0151s\u00e9g, gyakorlati haszon \u2013 ez a h\u00e1rom alapelv.\u201d<\/span><\/p>\n<p><span style=\"font-weight: 400;\">\u00a0<\/span><\/p>\n<p><b>A fenntarthat\u00f3s\u00e1g milyen szerepet j\u00e1tszik n\u00e1latok?<\/b><\/p>\n<p><span style=\"font-weight: 400;\">\u201eN\u00e1lunk a fenntarthat\u00f3s\u00e1g alapelv. A platformon a k\u00fcl\u00f6nb\u00f6z\u0151 \u00e9p\u00edt\u00e9si rendszerek (t\u00e9gla, fa\/CLT, k\u00f6nny\u0171szerkezet, SIP) nemcsak k\u00f6lts\u00e9g, hanem energiahat\u00e9konys\u00e1g, anyaghaszn\u00e1lat \u00e9s hossz\u00fa t\u00e1v\u00fa fenntarthat\u00f3s\u00e1g szerint is \u00f6sszevethet\u0151ek.<\/span><\/p>\n<p><span style=\"font-weight: 400;\">A terveink k\u00f6z\u00f6tt szerepel, hogy k\u00e9s\u0151bb figyelembe vegy\u00fck a kivitelez\u0151k \u00e9s besz\u00e1ll\u00edt\u00f3k fenntarthat\u00f3s\u00e1gi mutat\u00f3it is \u2013 helyi gy\u00e1rt\u00e1s, anyagmin\u0151s\u00edt\u00e9sek, sz\u00e1ll\u00edt\u00e1si l\u00e1bnyom. A c\u00e9l: felel\u0151s d\u00f6nt\u00e9s m\u00e1r az elej\u00e9n.\u201d<\/span><\/p>\n<p><span style=\"font-weight: 400;\">\u00a0<\/span><\/p>\n<p><b>Hogyan k\u00e9sz\u00fclt\u00f6k fel a j\u00f6v\u0151re \u2013 p\u00e9ld\u00e1ul az AI-ra?<\/b><\/p>\n<p><span style=\"font-weight: 400;\">\u201eDolgozunk AI-alap\u00fa l\u00e1tv\u00e1nytervez\u00e9sen, melynek l\u00e9nyege, hogy n\u00e9h\u00e1ny param\u00e9terb\u0151l azonnali vizu\u00e1lis koncepci\u00f3 lesz k\u00e9sz\u00edthet\u0151. Tervben van egy AI-asszisztens, amely a k\u00f6lts\u00e9g\u2013id\u0151\u2013energia h\u00e1romsz\u00f6g\u00e9ben rendszert javasol \u00e9s k\u00e9rd\u00e9sekre v\u00e1laszol. Hosszabb t\u00e1von az AI kulcsszerepl\u0151 lesz a tervez\u00e9si \u00e9s el\u0151kalkul\u00e1ci\u00f3s folyamatokban \u2013 a Keystone nem csak k\u00f6lts\u00e9gbecsl\u0151, hanem intelligens rendszer akar lenni.\u201d<\/span><\/p>\n<p>&nbsp;<\/p>\n<p><b>Mi volt a bels\u0151 pillanat, amikor eld\u0151lt, hogy belev\u00e1gtok?<\/b><\/p>\n<p><span style=\"font-weight: 400;\">\u201e10 \u00e9ves korunk \u00f3ta j\u00f3 bar\u00e1tok vagyunk \u2013 ami a k\u00f6z\u00f6s foci \u00e9lm\u00e9nye volt r\u00e9gen, ma k\u00f6z\u00f6s c\u00e9g. Volt rengeteg kudarc, f\u00e9lbehagyott fejleszt\u00e9s, rossz besz\u00e1ll\u00edt\u00f3 \u2013 de Edisonszeml\u00e9let\u00e9vel ment\u00fcnk tov\u00e1bb: sz\u00e1z zs\u00e1kutc\u00e1t kiz\u00e1rni is halad\u00e1s. Inspir\u00e1l a semmib\u0151l \u00e9p\u00edtkez\u0151 p\u00e1ly\u00e1k vil\u00e1ga \u2013 ha sportb\u00f3l kell p\u00e9lda, nek\u00fcnk Szoboszlai Dominik fegyelme \u00e9s al\u00e1zata ilyen.\u201d<\/span><\/p>\n<p>&nbsp;<\/p>\n<p><b>Tudn\u00e1tok konkr\u00e9t \u00fcgyf\u00e9l-t\u00f6rt\u00e9netet?<\/b><\/p>\n<p><span style=\"font-weight: 400;\">\u201eA \u201esp\u00f3rol\u00e1s\u201d nehezen m\u00e9rhet\u0151, mi ink\u00e1bb a pontoss\u00e1got m\u00e9rj\u00fck. Az egyik els\u0151 pilot, egy nagymarosi nyaral\u00f3 90% feletti egyez\u00e9st hozott a kezdeti kalkul\u00e1ci\u00f3 \u00e9s a v\u00e9gs\u0151 beker\u00fcl\u00e9s k\u00f6z\u00f6tt. A l\u00e9nyeg: az \u00fcgyf\u00e9l re\u00e1lis sz\u00e1mokb\u00f3l d\u00f6nt\u00f6tt.\u201d<\/span><\/p>\n<p>&nbsp;<\/p>\n<p><b>H\u00e1ny f\u0151s a csapat, milyen a napi ritmus?<\/b><\/p>\n<p><span style=\"font-weight: 400;\">Keystone: \u201eA mag: 4 kulcsember (IT, \u00e9p\u00edt\u00e9szet, marketing, \u00fczlet). Nincs \u00e1tlagos nap \u2013 a startup l\u00e9nyege a kisz\u00e1m\u00edthatatlan k\u00f6zeg. A bels\u0151 szab\u00e1lyunk: figyel\u00fcnk egym\u00e1sra, elker\u00fclj\u00fck a m\u00e9rgez\u0151 m\u0171k\u00f6d\u00e9st, \u00e9s id\u0151nk\u00e9nt egy s\u00f6r mellett besz\u00e9lj\u00fck \u00e1t a strat\u00e9gi\u00e1t.\u201d<\/span><\/p>\n<p><span style=\"font-weight: 400;\">\u00a0<\/span><\/p>\n<p><b>Hol l\u00e1tj\u00e1tok magatokat 3 \u00e9v m\u00falva?<\/b><\/p>\n<p><span style=\"font-weight: 400;\">\u201eMegszil\u00e1rd\u00edtjuk a hazai m\u0171k\u00f6d\u00e9st, majd export\u00e1ljuk a modellt el\u0151sz\u00f6r a skandin\u00e1v r\u00e9gi\u00f3ba, azt\u00e1n a k\u00f6rnyez\u0151 orsz\u00e1gokba. Magyarorsz\u00e1g kem\u00e9ny terep minden innov\u00e1ci\u00f3nak, de Finnorsz\u00e1g\u2013Sv\u00e9dorsz\u00e1g nyitottabb \u2013 ott a transzparencia is nagyobb \u00e9rt\u00e9k. Szerint\u00fcnk onnan nagy l\u00f6k\u00e9st kaphat a terjeszked\u00e9s.\u201d<\/span><\/p>\n<p>&nbsp;<\/p>\n<p><b>Mit szeretn\u00e9tek, hogyan eml\u00e9kezzenek r\u00e1tok?<\/b><\/p>\n<p><span style=\"font-weight: 400;\">\u201e\u00dagy, mint akik \u00e1tl\u00e1that\u00f3s\u00e1got \u00e9s kisz\u00e1m\u00edthat\u00f3s\u00e1got hoztak egy \u00e1tlag \u00e9p\u00edttet\u0151 sz\u00e1m\u00e1ra legink\u00e1bb \u00e1tl\u00e1thatatlan ipar\u00e1gba. Ma is sokan bukj\u00e1k el \u00e9let\u00fck munk\u00e1j\u00e1t inform\u00e1ci\u00f3hi\u00e1ny miatt \u2013 min\u00e9l t\u00f6bb val\u00f3s esetben tudjuk ezt kik\u00fcsz\u00f6b\u00f6lni, ann\u00e1l el\u00e9gedettebbek lesz\u00fcnk.\u201d<\/span><\/p>\n<p>&nbsp;<\/p>\n<h3><b>A Fer-Tex Bau n\u00e9z\u0151pontja \u2013 kik vagyunk, mit v\u00e1llalunk, mi\u00e9rt \u00e1llunk a Keystone mell\u00e9?<\/b><\/h3>\n<p><b>Mivel foglalkozunk?<\/b><span style=\"font-weight: 400;\"> Modern, megb\u00edzhat\u00f3 gener\u00e1lkivitelez\u0151 vagyunk, orsz\u00e1gos lefedetts\u00e9ggel. \u00daj h\u00e1z kivitelez\u00e9s, gener\u00e1lkivitelez\u00e9s, fel\u00faj\u00edt\u00e1s, mag\u00e1n \u00e9s \u00fczleti ingatlanok \u2013 k\u00f6zt\u00fck CLT (keresztir\u00e1ny\u00fa r\u00e9tegelt fa) megold\u00e1sokkal, amelyek gyorsak, prec\u00edzek, energiahat\u00e9konyak, \u00e9s hossz\u00fa t\u00e1von is \u00e9rt\u00e9ket teremtenek.<\/span><\/p>\n<p>&nbsp;<\/p>\n<p><b>Hogyan kezd\u0151d\u00f6tt a k\u00f6z\u00f6s t\u00f6rt\u00e9net\u00fcnk?<\/b><\/p>\n<p><span style=\"font-weight: 400;\">2025 m\u00e1rcius\u00e1ban \u00fclt\u00fcnk le el\u0151sz\u00f6r a Keystone csapat\u00e1val, \u00e9s m\u00e1r az els\u0151 besz\u00e9lget\u00e9s ut\u00e1n \u00e9rezt\u00fck, hogy ugyanarra a nyelvre hangoltuk a gondolkod\u00e1sunkat. N\u00e9h\u00e1ny h\u00f3napnyi egyeztet\u00e9s \u00e9s tervez\u00e9s ut\u00e1n, m\u00e1jus 30-\u00e1n hivatalosan is szerz\u0151d\u00f6tt partnerek lett\u00fcnk. Ma m\u00e1r a platformon \u201ev\u00e1laszthat\u00f3 kivitelez\u0151k\u00e9nt\u201d jelen\u00fcnk meg a kalkul\u00e1ci\u00f3s n\u00e9zetben, \u00edgy a felhaszn\u00e1l\u00f3k egy kattint\u00e1ssal hozz\u00e1nk is fordulhatnak aj\u00e1nlat\u00e9rt. B\u00e1r lez\u00e1rt k\u00f6z\u00f6s projekt\u00fcnk m\u00e9g nincs, az els\u0151 lehet\u0151s\u00e9gre mindk\u00e9t oldal izgatottan v\u00e1r, \u00e9s k\u00f6zben folyamatosan adunk fejleszt\u00e9si visszajelz\u00e9seket, hogy a rendszer min\u00e9l jobban t\u00e1mogassa a kivitelez\u0151i munk\u00e1t is.<\/span><\/p>\n<p>&nbsp;<\/p>\n<p><b>Mi\u00e9rt csatlakoztunk?<\/b><span style=\"font-weight: 400;\"> Mert a Keystone hat\u00e9konyabb kommunik\u00e1ci\u00f3t, jobb projektkezel\u00e9st \u00e9s el\u00e9gedettebb megrendel\u0151ket eredm\u00e9nyez \u2013 kevesebb f\u00e9lre\u00e9rt\u00e9s, t\u00f6bb adatalap\u00fa d\u00f6nt\u00e9s.<\/span><\/p>\n<p><b>\u00c9rt\u00e9keink:<\/b><span style=\"font-weight: 400;\"> min\u0151s\u00e9g, hat\u00e9konys\u00e1g, megb\u00edzhat\u00f3s\u00e1g, a k\u00f6rnyezeti felel\u0151ss\u00e9g \u00e9s a fenntarthat\u00f3s\u00e1g. Hisz\u00fcnk abban, hogy a megb\u00edz\u00f3 t\u00f6bb forr\u00e1sb\u00f3l, transzparensen t\u00e1j\u00e9koz\u00f3djon az \u00e1rakr\u00f3l, miel\u0151tt d\u00f6nt \u2013 a Keystone ezt seg\u00edti.<\/span><\/p>\n<p><b>Legnagyobb kih\u00edv\u00e1s kivitelez\u0151k\u00e9nt:<\/b><span style=\"font-weight: 400;\"> megb\u00edzhat\u00f3 alv\u00e1llalkoz\u00f3i csapat, k\u00f6vetkezetes min\u0151s\u00e9gbiztos\u00edt\u00e1s, maximalizmus elv\u00e1r\u00e1sa \u00e9s ny\u00fajt\u00e1sa.<\/span><\/p>\n<p><span style=\"font-weight: 400;\">Tipikus k\u00f6z\u00f6s terep a Keystone-nal: csal\u00e1di h\u00e1z k\u00f6lts\u00e9gvet\u00e9s\u00e9nek korai, adatvez\u00e9relt el\u0151k\u00e9pe \u2013 innen indul a feszes, konfliktusmentes projekt.<\/span><\/p>\n<p>&nbsp;<\/p>\n<p><b>Hogyan n\u00e9z ki felhaszn\u00e1l\u00f3i szemmel? \u2013 a \u201ekattints \u00e9s l\u00e1ss tiszt\u00e1n\u201d folyamat<\/b><\/p>\n<ol>\n<li style=\"font-weight: 400;\" aria-level=\"1\"><span style=\"font-weight: 400;\">Ingyenes regisztr\u00e1ci\u00f3 a keystone.live-on<\/span><\/li>\n<li style=\"font-weight: 400;\" aria-level=\"1\"><span style=\"font-weight: 400;\">Telek\/param\u00e9terek megad\u00e1sa (szintek, alapter\u00fclet, t\u00e1jol\u00e1s stb.)<\/span><\/li>\n<li style=\"font-weight: 400;\" aria-level=\"1\"><span style=\"font-weight: 400;\">\u00c9p\u00edt\u00e9si rendszer v\u00e1laszt\u00e1sa (t\u00e9gla, CLT\/fa, k\u00f6nny\u0171szerkezet, SIP\u2026)<\/span><\/li>\n<li style=\"font-weight: 400;\" aria-level=\"1\"><span style=\"font-weight: 400;\">Azonnali, t\u00e9teles k\u00f6lts\u00e9gk\u00e9p \u2013 testreszabhat\u00f3 t\u00e9telekkel<\/span><\/li>\n<li style=\"font-weight: 400;\" aria-level=\"1\"><span style=\"font-weight: 400;\">Aj\u00e1nlatk\u00e9r\u00e9s a kiv\u00e1lasztott partner(ek)t\u0151l \u2013 k\u00f6zt\u00fck t\u0151l\u00fcnk, a Fer-Tex Bau-t\u00f3l<\/span><\/li>\n<\/ol>\n<p>&nbsp;<\/p>\n<h3><b>Z\u00e1rsz\u00f3 \u2013 \u00e9p\u00edtkezz adatb\u00f3l, ne rem\u00e9nyb\u0151l<\/b><\/h3>\n<p><span style=\"font-weight: 400;\">A h\u00e1z sorsa sokszor nem a f\u00f6ldmunk\u00e1n\u00e1l, hanem az els\u0151 sz\u00e1mokn\u00e1l d\u0151l el. A Keystone abban seg\u00edt, hogy a tervb\u0151l val\u00f3s\u00e1g legyen \u2013 \u00e1tl\u00e1that\u00f3an. Nek\u00fcnk, a Fer-Tex Bau-nak ez nem puszta k\u00e9nyelmi eszk\u00f6z: nyugodtabb megrendel\u0151t, tiszt\u00e1bb kommunik\u00e1ci\u00f3t \u00e9s jobb min\u0151s\u00e9get jelent a kivitelez\u00e9sben.<\/span><\/p>\n<p>&nbsp;<\/p>\n<p>https:\/\/www.fertexbau.com\/post\/az-epitkezesek-uj-korszaka-ahol-a-szamok-nem-hazudnak<\/p>\n<p>&nbsp;<\/p>","protected":false},"excerpt":{"rendered":"<p>A Fer-Tex Bau modern, fenntarthat\u00f3s\u00e1gra f\u00f3kusz\u00e1l\u00f3 gener\u00e1lkivitelez\u0151k\u00e9nt 2025 tavasz\u00e1n kezdett egy\u00fcttm\u0171k\u00f6dni a Keystone-nal, egy innovat\u00edv, BIM-alap\u00fa k\u00f6lts\u00e9gbecsl\u0151 platformmal. A Keystone c\u00e9lja, hogy m\u00e1r a tervez\u00e9si f\u00e1zisban pontos, t\u00e9teles \u00e1rkalkul\u00e1ci\u00f3t adjon az \u00e9p\u00edttet\u0151knek, \u00edgy elker\u00fclhet\u0151k legyenek a k\u00e9s\u0151bbi p\u00e9nz\u00fcgyi meglepet\u00e9sek. A Fer-Tex Bau m\u00e1jus 30-a \u00f3ta szerz\u0151d\u00f6tt partnerk\u00e9nt szerepel a rendszerben, \u201ev\u00e1laszthat\u00f3 kivitelez\u0151k\u00e9nt\u201d is el\u00e9rhet\u0151. B\u00e1r k\u00f6z\u00f6s lez\u00e1rt projekt m\u00e9g nincs, az el\u0151k\u00e9sz\u00edt\u00e9sek m\u00e1r zajlanak, \u00e9s a Fer-Tex Bau akt\u00edvan seg\u00edti a platform fejleszt\u00e9s\u00e9t. Az egy\u00fcttm\u0171k\u00f6d\u00e9s alapja a transzparencia, a bizalom \u00e9s a k\u00f6z\u00f6s c\u00e9l: kisz\u00e1m\u00edthat\u00f3bb\u00e1 tenni az \u00e9p\u00edtkez\u00e9sek vil\u00e1g\u00e1t. \u2013 A vel\u00fcnk k\u00e9sz\u00edtett interj\u00fat itt tal\u00e1lj\u00e1tok.<\/p>","protected":false},"author":8,"featured_media":2356,"comment_status":"open","ping_status":"open","sticky":false,"template":"","format":"standard","meta":{"_et_pb_use_builder":"","_et_pb_old_content":"","_et_gb_content_width":"","inline_featured_image":false,"_monsterinsights_skip_tracking":false,"_monsterinsights_sitenote_active":false,"_monsterinsights_sitenote_note":"","_monsterinsights_sitenote_category":0,"footnotes":""},"categories":[1],"tags":[],"class_list":["post-2355","post","type-post","status-publish","format-standard","has-post-thumbnail","hentry","category-egyeb"],"yoast_head":"<!-- This site is optimized with the Yoast SEO plugin v27.3 - https:\/\/yoast.com\/product\/yoast-seo-wordpress\/ -->\n<title>Interview with the Keystone Team on Construction - Keystone<\/title>\n<meta name=\"description\" content=\"Join us for an in-depth interview with Keystone and Fer-Tex Bau, discussing sustainable construction and realistic project costs.\" \/>\n<meta name=\"robots\" content=\"index, follow, max-snippet:-1, max-image-preview:large, max-video-preview:-1\" \/>\n<link rel=\"canonical\" href=\"https:\/\/keystone.live\/en\/2025\/11\/20\/az-epitkezesek-uj-korszaka-ahol-a-szamok-nem-hazudnak\/\" \/>\n<meta property=\"og:locale\" content=\"en_GB\" \/>\n<meta property=\"og:type\" content=\"article\" \/>\n<meta property=\"og:title\" content=\"Interview with the Keystone Team on Construction - Keystone\" \/>\n<meta property=\"og:description\" content=\"Join us for an in-depth interview with Keystone and Fer-Tex Bau, discussing sustainable construction and realistic project costs.\" \/>\n<meta property=\"og:url\" content=\"https:\/\/keystone.live\/en\/2025\/11\/20\/az-epitkezesek-uj-korszaka-ahol-a-szamok-nem-hazudnak\/\" \/>\n<meta property=\"og:site_name\" content=\"Keystone\" \/>\n<meta property=\"article:published_time\" content=\"2025-11-20T13:00:08+00:00\" \/>\n<meta property=\"og:image\" content=\"https:\/\/keystone.live\/wp-content\/uploads\/2025\/11\/Fokep-1024x683.jpg\" \/>\n\t<meta property=\"og:image:width\" content=\"1024\" \/>\n\t<meta property=\"og:image:height\" content=\"683\" \/>\n\t<meta property=\"og:image:type\" content=\"image\/jpeg\" \/>\n<meta name=\"author\" content=\"David Pszota\" \/>\n<meta name=\"twitter:card\" content=\"summary_large_image\" \/>\n<meta name=\"twitter:label1\" content=\"Written by\" \/>\n\t<meta name=\"twitter:data1\" content=\"David Pszota\" \/>\n\t<meta name=\"twitter:label2\" content=\"Estimated reading time\" \/>\n\t<meta name=\"twitter:data2\" content=\"7 minutes\" \/>\n<script type=\"application\/ld+json\" class=\"yoast-schema-graph\">{\"@context\":\"https:\\\/\\\/schema.org\",\"@graph\":[{\"@type\":\"Article\",\"@id\":\"https:\\\/\\\/keystone.live\\\/2025\\\/11\\\/20\\\/az-epitkezesek-uj-korszaka-ahol-a-szamok-nem-hazudnak\\\/#article\",\"isPartOf\":{\"@id\":\"https:\\\/\\\/keystone.live\\\/2025\\\/11\\\/20\\\/az-epitkezesek-uj-korszaka-ahol-a-szamok-nem-hazudnak\\\/\"},\"author\":{\"name\":\"David Pszota\",\"@id\":\"https:\\\/\\\/keystone.live\\\/#\\\/schema\\\/person\\\/8f8c28d4948ecc5f2cfd965782a02edc\"},\"headline\":\"Az \u00e9p\u00edtkez\u00e9sek \u00faj korszaka, ahol a sz\u00e1mok nem hazudnak\",\"datePublished\":\"2025-11-20T13:00:08+00:00\",\"mainEntityOfPage\":{\"@id\":\"https:\\\/\\\/keystone.live\\\/2025\\\/11\\\/20\\\/az-epitkezesek-uj-korszaka-ahol-a-szamok-nem-hazudnak\\\/\"},\"wordCount\":2259,\"commentCount\":0,\"publisher\":{\"@id\":\"https:\\\/\\\/keystone.live\\\/#organization\"},\"image\":{\"@id\":\"https:\\\/\\\/keystone.live\\\/2025\\\/11\\\/20\\\/az-epitkezesek-uj-korszaka-ahol-a-szamok-nem-hazudnak\\\/#primaryimage\"},\"thumbnailUrl\":\"https:\\\/\\\/keystone.live\\\/wp-content\\\/uploads\\\/2025\\\/11\\\/Fokep.jpg\",\"articleSection\":[\"Egy\u00e9b\"],\"inLanguage\":\"en-GB\",\"potentialAction\":[{\"@type\":\"CommentAction\",\"name\":\"Comment\",\"target\":[\"https:\\\/\\\/keystone.live\\\/2025\\\/11\\\/20\\\/az-epitkezesek-uj-korszaka-ahol-a-szamok-nem-hazudnak\\\/#respond\"]}]},{\"@type\":\"WebPage\",\"@id\":\"https:\\\/\\\/keystone.live\\\/2025\\\/11\\\/20\\\/az-epitkezesek-uj-korszaka-ahol-a-szamok-nem-hazudnak\\\/\",\"url\":\"https:\\\/\\\/keystone.live\\\/2025\\\/11\\\/20\\\/az-epitkezesek-uj-korszaka-ahol-a-szamok-nem-hazudnak\\\/\",\"name\":\"Interview with the Keystone Team on Construction - Keystone\",\"isPartOf\":{\"@id\":\"https:\\\/\\\/keystone.live\\\/#website\"},\"primaryImageOfPage\":{\"@id\":\"https:\\\/\\\/keystone.live\\\/2025\\\/11\\\/20\\\/az-epitkezesek-uj-korszaka-ahol-a-szamok-nem-hazudnak\\\/#primaryimage\"},\"image\":{\"@id\":\"https:\\\/\\\/keystone.live\\\/2025\\\/11\\\/20\\\/az-epitkezesek-uj-korszaka-ahol-a-szamok-nem-hazudnak\\\/#primaryimage\"},\"thumbnailUrl\":\"https:\\\/\\\/keystone.live\\\/wp-content\\\/uploads\\\/2025\\\/11\\\/Fokep.jpg\",\"datePublished\":\"2025-11-20T13:00:08+00:00\",\"description\":\"Join us for an in-depth interview with Keystone and Fer-Tex Bau, discussing sustainable construction and realistic project costs.\",\"breadcrumb\":{\"@id\":\"https:\\\/\\\/keystone.live\\\/2025\\\/11\\\/20\\\/az-epitkezesek-uj-korszaka-ahol-a-szamok-nem-hazudnak\\\/#breadcrumb\"},\"inLanguage\":\"en-GB\",\"potentialAction\":[{\"@type\":\"ReadAction\",\"target\":[\"https:\\\/\\\/keystone.live\\\/2025\\\/11\\\/20\\\/az-epitkezesek-uj-korszaka-ahol-a-szamok-nem-hazudnak\\\/\"]}]},{\"@type\":\"ImageObject\",\"inLanguage\":\"en-GB\",\"@id\":\"https:\\\/\\\/keystone.live\\\/2025\\\/11\\\/20\\\/az-epitkezesek-uj-korszaka-ahol-a-szamok-nem-hazudnak\\\/#primaryimage\",\"url\":\"https:\\\/\\\/keystone.live\\\/wp-content\\\/uploads\\\/2025\\\/11\\\/Fokep.jpg\",\"contentUrl\":\"https:\\\/\\\/keystone.live\\\/wp-content\\\/uploads\\\/2025\\\/11\\\/Fokep.jpg\",\"width\":7804,\"height\":5203},{\"@type\":\"BreadcrumbList\",\"@id\":\"https:\\\/\\\/keystone.live\\\/2025\\\/11\\\/20\\\/az-epitkezesek-uj-korszaka-ahol-a-szamok-nem-hazudnak\\\/#breadcrumb\",\"itemListElement\":[{\"@type\":\"ListItem\",\"position\":1,\"name\":\"Kezd\u0151lap\",\"item\":\"https:\\\/\\\/keystone.live\\\/\"},{\"@type\":\"ListItem\",\"position\":2,\"name\":\"Az \u00e9p\u00edtkez\u00e9sek \u00faj korszaka, ahol a sz\u00e1mok nem hazudnak\"}]},{\"@type\":\"WebSite\",\"@id\":\"https:\\\/\\\/keystone.live\\\/#website\",\"url\":\"https:\\\/\\\/keystone.live\\\/\",\"name\":\"Keystone\",\"description\":\"BUILT ON PRECISION\",\"publisher\":{\"@id\":\"https:\\\/\\\/keystone.live\\\/#organization\"},\"potentialAction\":[{\"@type\":\"SearchAction\",\"target\":{\"@type\":\"EntryPoint\",\"urlTemplate\":\"https:\\\/\\\/keystone.live\\\/?s={search_term_string}\"},\"query-input\":{\"@type\":\"PropertyValueSpecification\",\"valueRequired\":true,\"valueName\":\"search_term_string\"}}],\"inLanguage\":\"en-GB\"},{\"@type\":\"Organization\",\"@id\":\"https:\\\/\\\/keystone.live\\\/#organization\",\"name\":\"Keystone\",\"url\":\"https:\\\/\\\/keystone.live\\\/\",\"logo\":{\"@type\":\"ImageObject\",\"inLanguage\":\"en-GB\",\"@id\":\"https:\\\/\\\/keystone.live\\\/#\\\/schema\\\/logo\\\/image\\\/\",\"url\":\"http:\\\/\\\/wp2.keystone.live\\\/wp-content\\\/uploads\\\/2024\\\/03\\\/cropped-keystone_favicon.png\",\"contentUrl\":\"http:\\\/\\\/wp2.keystone.live\\\/wp-content\\\/uploads\\\/2024\\\/03\\\/cropped-keystone_favicon.png\",\"width\":512,\"height\":512,\"caption\":\"Keystone\"},\"image\":{\"@id\":\"https:\\\/\\\/keystone.live\\\/#\\\/schema\\\/logo\\\/image\\\/\"}},{\"@type\":\"Person\",\"@id\":\"https:\\\/\\\/keystone.live\\\/#\\\/schema\\\/person\\\/8f8c28d4948ecc5f2cfd965782a02edc\",\"name\":\"David Pszota\",\"image\":{\"@type\":\"ImageObject\",\"inLanguage\":\"en-GB\",\"@id\":\"https:\\\/\\\/secure.gravatar.com\\\/avatar\\\/3c3a6907efaffbb0ceb040e1af89c6d58c862bd3a502970b03c7edcae0ed3e7d?s=96&d=mm&r=g\",\"url\":\"https:\\\/\\\/secure.gravatar.com\\\/avatar\\\/3c3a6907efaffbb0ceb040e1af89c6d58c862bd3a502970b03c7edcae0ed3e7d?s=96&d=mm&r=g\",\"contentUrl\":\"https:\\\/\\\/secure.gravatar.com\\\/avatar\\\/3c3a6907efaffbb0ceb040e1af89c6d58c862bd3a502970b03c7edcae0ed3e7d?s=96&d=mm&r=g\",\"caption\":\"David Pszota\"}}]}<\/script>\n<!-- \/ Yoast SEO plugin. -->","yoast_head_json":{"title":"Interview with the Keystone Team on Construction - Keystone","description":"Join us for an in-depth interview with Keystone and Fer-Tex Bau, discussing sustainable construction and realistic project costs.","robots":{"index":"index","follow":"follow","max-snippet":"max-snippet:-1","max-image-preview":"max-image-preview:large","max-video-preview":"max-video-preview:-1"},"canonical":"https:\/\/keystone.live\/en\/2025\/11\/20\/az-epitkezesek-uj-korszaka-ahol-a-szamok-nem-hazudnak\/","og_locale":"en_GB","og_type":"article","og_title":"Interview with the Keystone Team on Construction - Keystone","og_description":"Join us for an in-depth interview with Keystone and Fer-Tex Bau, discussing sustainable construction and realistic project costs.","og_url":"https:\/\/keystone.live\/en\/2025\/11\/20\/az-epitkezesek-uj-korszaka-ahol-a-szamok-nem-hazudnak\/","og_site_name":"Keystone","article_published_time":"2025-11-20T13:00:08+00:00","og_image":[{"width":1024,"height":683,"url":"https:\/\/keystone.live\/wp-content\/uploads\/2025\/11\/Fokep-1024x683.jpg","type":"image\/jpeg"}],"author":"David Pszota","twitter_card":"summary_large_image","twitter_misc":{"Written by":"David Pszota","Estimated reading time":"7 minutes"},"schema":{"@context":"https:\/\/schema.org","@graph":[{"@type":"Article","@id":"https:\/\/keystone.live\/2025\/11\/20\/az-epitkezesek-uj-korszaka-ahol-a-szamok-nem-hazudnak\/#article","isPartOf":{"@id":"https:\/\/keystone.live\/2025\/11\/20\/az-epitkezesek-uj-korszaka-ahol-a-szamok-nem-hazudnak\/"},"author":{"name":"David Pszota","@id":"https:\/\/keystone.live\/#\/schema\/person\/8f8c28d4948ecc5f2cfd965782a02edc"},"headline":"Az \u00e9p\u00edtkez\u00e9sek \u00faj korszaka, ahol a sz\u00e1mok nem hazudnak","datePublished":"2025-11-20T13:00:08+00:00","mainEntityOfPage":{"@id":"https:\/\/keystone.live\/2025\/11\/20\/az-epitkezesek-uj-korszaka-ahol-a-szamok-nem-hazudnak\/"},"wordCount":2259,"commentCount":0,"publisher":{"@id":"https:\/\/keystone.live\/#organization"},"image":{"@id":"https:\/\/keystone.live\/2025\/11\/20\/az-epitkezesek-uj-korszaka-ahol-a-szamok-nem-hazudnak\/#primaryimage"},"thumbnailUrl":"https:\/\/keystone.live\/wp-content\/uploads\/2025\/11\/Fokep.jpg","articleSection":["Egy\u00e9b"],"inLanguage":"en-GB","potentialAction":[{"@type":"CommentAction","name":"Comment","target":["https:\/\/keystone.live\/2025\/11\/20\/az-epitkezesek-uj-korszaka-ahol-a-szamok-nem-hazudnak\/#respond"]}]},{"@type":"WebPage","@id":"https:\/\/keystone.live\/2025\/11\/20\/az-epitkezesek-uj-korszaka-ahol-a-szamok-nem-hazudnak\/","url":"https:\/\/keystone.live\/2025\/11\/20\/az-epitkezesek-uj-korszaka-ahol-a-szamok-nem-hazudnak\/","name":"Interview with the Keystone Team on Construction - Keystone","isPartOf":{"@id":"https:\/\/keystone.live\/#website"},"primaryImageOfPage":{"@id":"https:\/\/keystone.live\/2025\/11\/20\/az-epitkezesek-uj-korszaka-ahol-a-szamok-nem-hazudnak\/#primaryimage"},"image":{"@id":"https:\/\/keystone.live\/2025\/11\/20\/az-epitkezesek-uj-korszaka-ahol-a-szamok-nem-hazudnak\/#primaryimage"},"thumbnailUrl":"https:\/\/keystone.live\/wp-content\/uploads\/2025\/11\/Fokep.jpg","datePublished":"2025-11-20T13:00:08+00:00","description":"Join us for an in-depth interview with Keystone and Fer-Tex Bau, discussing sustainable construction and realistic project costs.","breadcrumb":{"@id":"https:\/\/keystone.live\/2025\/11\/20\/az-epitkezesek-uj-korszaka-ahol-a-szamok-nem-hazudnak\/#breadcrumb"},"inLanguage":"en-GB","potentialAction":[{"@type":"ReadAction","target":["https:\/\/keystone.live\/2025\/11\/20\/az-epitkezesek-uj-korszaka-ahol-a-szamok-nem-hazudnak\/"]}]},{"@type":"ImageObject","inLanguage":"en-GB","@id":"https:\/\/keystone.live\/2025\/11\/20\/az-epitkezesek-uj-korszaka-ahol-a-szamok-nem-hazudnak\/#primaryimage","url":"https:\/\/keystone.live\/wp-content\/uploads\/2025\/11\/Fokep.jpg","contentUrl":"https:\/\/keystone.live\/wp-content\/uploads\/2025\/11\/Fokep.jpg","width":7804,"height":5203},{"@type":"BreadcrumbList","@id":"https:\/\/keystone.live\/2025\/11\/20\/az-epitkezesek-uj-korszaka-ahol-a-szamok-nem-hazudnak\/#breadcrumb","itemListElement":[{"@type":"ListItem","position":1,"name":"Kezd\u0151lap","item":"https:\/\/keystone.live\/"},{"@type":"ListItem","position":2,"name":"Az \u00e9p\u00edtkez\u00e9sek \u00faj korszaka, ahol a sz\u00e1mok nem hazudnak"}]},{"@type":"WebSite","@id":"https:\/\/keystone.live\/#website","url":"https:\/\/keystone.live\/","name":"Keystone","description":"BUILT ON PRECISION","publisher":{"@id":"https:\/\/keystone.live\/#organization"},"potentialAction":[{"@type":"SearchAction","target":{"@type":"EntryPoint","urlTemplate":"https:\/\/keystone.live\/?s={search_term_string}"},"query-input":{"@type":"PropertyValueSpecification","valueRequired":true,"valueName":"search_term_string"}}],"inLanguage":"en-GB"},{"@type":"Organization","@id":"https:\/\/keystone.live\/#organization","name":"Keystone","url":"https:\/\/keystone.live\/","logo":{"@type":"ImageObject","inLanguage":"en-GB","@id":"https:\/\/keystone.live\/#\/schema\/logo\/image\/","url":"http:\/\/wp2.keystone.live\/wp-content\/uploads\/2024\/03\/cropped-keystone_favicon.png","contentUrl":"http:\/\/wp2.keystone.live\/wp-content\/uploads\/2024\/03\/cropped-keystone_favicon.png","width":512,"height":512,"caption":"Keystone"},"image":{"@id":"https:\/\/keystone.live\/#\/schema\/logo\/image\/"}},{"@type":"Person","@id":"https:\/\/keystone.live\/#\/schema\/person\/8f8c28d4948ecc5f2cfd965782a02edc","name":"David Pszota","image":{"@type":"ImageObject","inLanguage":"en-GB","@id":"https:\/\/secure.gravatar.com\/avatar\/3c3a6907efaffbb0ceb040e1af89c6d58c862bd3a502970b03c7edcae0ed3e7d?s=96&d=mm&r=g","url":"https:\/\/secure.gravatar.com\/avatar\/3c3a6907efaffbb0ceb040e1af89c6d58c862bd3a502970b03c7edcae0ed3e7d?s=96&d=mm&r=g","contentUrl":"https:\/\/secure.gravatar.com\/avatar\/3c3a6907efaffbb0ceb040e1af89c6d58c862bd3a502970b03c7edcae0ed3e7d?s=96&d=mm&r=g","caption":"David Pszota"}}]}},"_links":{"self":[{"href":"https:\/\/keystone.live\/en\/wp-json\/wp\/v2\/posts\/2355","targetHints":{"allow":["GET"]}}],"collection":[{"href":"https:\/\/keystone.live\/en\/wp-json\/wp\/v2\/posts"}],"about":[{"href":"https:\/\/keystone.live\/en\/wp-json\/wp\/v2\/types\/post"}],"author":[{"embeddable":true,"href":"https:\/\/keystone.live\/en\/wp-json\/wp\/v2\/users\/8"}],"replies":[{"embeddable":true,"href":"https:\/\/keystone.live\/en\/wp-json\/wp\/v2\/comments?post=2355"}],"version-history":[{"count":1,"href":"https:\/\/keystone.live\/en\/wp-json\/wp\/v2\/posts\/2355\/revisions"}],"predecessor-version":[{"id":2357,"href":"https:\/\/keystone.live\/en\/wp-json\/wp\/v2\/posts\/2355\/revisions\/2357"}],"wp:featuredmedia":[{"embeddable":true,"href":"https:\/\/keystone.live\/en\/wp-json\/wp\/v2\/media\/2356"}],"wp:attachment":[{"href":"https:\/\/keystone.live\/en\/wp-json\/wp\/v2\/media?parent=2355"}],"wp:term":[{"taxonomy":"category","embeddable":true,"href":"https:\/\/keystone.live\/en\/wp-json\/wp\/v2\/categories?post=2355"},{"taxonomy":"post_tag","embeddable":true,"href":"https:\/\/keystone.live\/en\/wp-json\/wp\/v2\/tags?post=2355"}],"curies":[{"name":"wp","href":"https:\/\/api.w.org\/{rel}","templated":true}]}}