{"id":1246,"date":"2024-05-28T17:42:37","date_gmt":"2024-05-28T15:42:37","guid":{"rendered":"https:\/\/wp2.keystone.live\/?p=1246"},"modified":"2024-05-31T15:35:44","modified_gmt":"2024-05-31T13:35:44","slug":"a-bim-jogi-vonatkozasait-nem-soporheted-az-asztal-ala","status":"publish","type":"post","link":"https:\/\/keystone.live\/en\/2024\/05\/28\/a-bim-jogi-vonatkozasait-nem-soporheted-az-asztal-ala\/","title":{"rendered":"Mit \u00e9rdemes tudnod a BIM jogi aspektusair\u00f3l?"},"content":{"rendered":"<h3>A BIM nem puszt\u00e1n az \u00e9p\u00edt\u0151ipar technol\u00f3giai aspektusaira van hat\u00e1ssal. Fontos jogi szempontokat is m\u00e9rlegelni kell, amikor a v\u00e1llalkoz\u00e1sunk ebben az \u00faj, digit\u00e1lis modellben dolgozik.<\/h3>\n<p>&nbsp;<\/p>\n<p>Az \u00e9p\u00edt\u0151ipar digit\u00e1lis reformjak\u00e9nt ismert BIM (Building Information Modeling, magyarul \u00c9p\u00fcletinform\u00e1ci\u00f3s Modellez\u00e9s) egy \u00fczleti szeml\u00e9let \u00e9s elj\u00e1r\u00e1s. R\u00f6viden: az \u00e9p\u00edt\u0151ipari projektek teljes \u00e1t\u00fcltet\u00e9se a digitaliz\u00e1ci\u00f3ba, hogy az els\u0151 vonalt\u00f3l az utols\u00f3 t\u00e9gl\u00e1ig, minden adat pontosan l\u00e1that\u00f3 \u00e9s visszak\u00f6vethet\u0151 legyen. Bonyolultabban pedig:<\/p>\n<blockquote>\n<h2>olyan technol\u00f3gi\u00e1k \u00e9s folyamatok \u00f6sszess\u00e9ge, amelyek lehet\u0151v\u00e9 teszik b\u00e1rmely \u00e9p\u00edtm\u00e9ny l\u00e9trehoz\u00e1s\u00e1ban vagy \u00fczemeltet\u00e9s\u00e9ben \u00e9rdekelt szakemberek virtu\u00e1lis t\u00e9rben t\u00f6rt\u00e9n\u0151, automatiz\u00e1lt egy\u00fcttm\u0171k\u00f6d\u00e9s\u00e9t \u00e9s inform\u00e1ci\u00f3\u00e1tad\u00e1s\u00e1t, illetve a relev\u00e1ns adatok gyors \u00e9s hat\u00e9kony megjelen\u00edt\u00e9s\u00e9t.<\/h2>\n<\/blockquote>\n<p>A BIM-modell el\u0151\u00e1ll\u00edt\u00e1s\u00e1nak folyamata sok tekintetben megegyezik a 3D-modellek elk\u00e9sz\u00edt\u00e9s\u00e9vel, de azokn\u00e1l m\u00e9gis j\u00f3val t\u00f6bbr\u0151l van sz\u00f3. Kieg\u00e9sz\u00fcl ugyanis az elemek megb\u00edzhat\u00f3 inform\u00e1ci\u00f3tartalm\u00e1nak felt\u00f6lt\u00e9s\u00e9vel, &#8211; \u00edgy tud\u00f3s\u00edtja a szakembereket p\u00e9ld\u00e1ul az anyagmin\u0151s\u00e9gr\u0151l, sz\u00ednr\u0151l, egys\u00e9g\u00e1rr\u00f3l, mennyis\u00e9gi egys\u00e9gr\u0151l, mennyis\u00e9gr\u0151l, \u00e9p\u00edt\u00e9si \u00fctemr\u0151l, klasszifik\u00e1l\u00e1s\u00e1r\u00f3l. Mindezt a meghat\u00e1rozott modellez\u00e9si m\u00f3dszerek \u00e9s szab\u00e1lyok egy\u00fcttes alkalmaz\u00e1s\u00e1val.<\/p>\n<h2>De mire j\u00f3 a BIM tulajdonk\u00e9ppen?<\/h2>\n<p>A BIM seg\u00edts\u00e9g\u00e9vel teh\u00e1t egy a sz\u00e9lesk\u00f6r\u0171 adatb\u00e1zis j\u00f6n l\u00e9tre. Ezen sz\u00e9lesebb inform\u00e1ci\u00f3halmaz seg\u00edts\u00e9g\u00e9vel a beruh\u00e1z\u00e1s automatikusan, kisebb r\u00e1ford\u00edt\u00e1ssal, pontosabban, illetve gyorsabban megval\u00f3s\u00edthat\u00f3. A beruh\u00e1z\u00e1s folyamata k\u00f6zbeni v\u00e1ltoz\u00e1sok eset\u00e9n a v\u00e9geredm\u00e9ny hat\u00e9konyabban \u00fajra el\u0151\u00e1ll\u00edthat\u00f3, vagy p\u00e1rhuzamosan t\u00f6bb alternat\u00edva is megvizsg\u00e1lhat\u00f3; legyen sz\u00f3 b\u00e1rmely, az adott \u00e9p\u00fclet megval\u00f3s\u00edt\u00e1s\u00e1val<br \/>\nkapcsolatba hozhat\u00f3 tev\u00e9kenys\u00e9gr\u0151l, ak\u00e1r a tervk\u00e9sz\u00edt\u00e9sr\u0151l, a kivitelez\u00e9s-szervez\u00e9sr\u0151l, a k\u00f6lts\u00e9gvet\u00e9s-k\u00e9sz\u00edt\u00e9sr\u0151l, az \u00fczemeltet\u00e9sr\u0151l vagy egy\u00e9b tev\u00e9kenys\u00e9gekr\u0151l. Ez a k\u00f6z\u00f6s inform\u00e1ci\u00f3menedzsment-folyamat b\u00e1rmilyen m\u00e9ret\u0171 \u00e9s \u00f6sszetetts\u00e9g\u0171 l\u00e9tes\u00edtm\u00e9ny \u00e9s \u00e9p\u00edt\u00e9si projekt sor\u00e1n alkalmazhat\u00f3.<\/p>\n<h2>Nem haladsz a korral? A h\u00e1tr\u00e1ny majd r\u00e1k\u00e9nyszer\u00edt!<\/h2>\n<p>A BIM modell teh\u00e1t egy egys\u00e9ges virtu\u00e1lis t\u00e9rben, egyben tartalmaz minden adatot a l\u00e9tes\u00edtm\u00e9nyr\u0151l, amelyhez egyszerre f\u00e9r hozz\u00e1 a tervez\u0151, kivitelez\u0151, \u00fczemeltet\u0151, \u00e9p\u00edttet\u0151\/megrendel\u0151 \u00e9s a hat\u00f3s\u00e1g. Tov\u00e1bbi el\u0151nye, hogy az \u00fctk\u00f6z\u00e9svizsg\u00e1latokkal kik\u00fcsz\u00f6b\u00f6lhet\u0151k a tervez\u00e9si hib\u00e1k, \u00e9s a k\u00f6lts\u00e9gek felm\u00e9r\u00e9se is elk\u00e9sz\u00fclhet m\u00e1r a tervez\u00e9si f\u00e1zisban. Bizony:<\/p>\n<blockquote>\n<h2>a BIM haszn\u00e1lat\u00e1t n\u00e9lk\u00fcl\u00f6z\u0151 projektekben a k\u00f6lts\u00e9g\u00e9rt\u00e9kel\u00e9s jellemz\u0151en k\u00e9s\u0151bbi szakaszban k\u00e9sz\u00fcl csak el, tov\u00e1bb\u00e1 a hib\u00e1k \u00e9s az \u00e1ltaluk kik\u00e9nyszer\u00edtett m\u00f3dos\u00edt\u00e1sok t\u00f6bbnyire m\u00e1r csak a kivitelez\u00e9s szakasz\u00e1ban der\u00fclnek ki.<\/h2>\n<\/blockquote>\n<p>Ez jelent\u0151s k\u00f6lts\u00e9gn\u00f6veked\u00e9st \u00e9s id\u0151beli cs\u00fasz\u00e1st okoz. Az innov\u00e1ci\u00f3b\u00f3l akkor profit\u00e1lhatunk a legt\u00f6bbet, ha a lehet\u0151 leghamarabb adapt\u00e1l\u00f3dunk az \u00faj technol\u00f3gi\u00e1khoz. Mivel a hazai \u00e9p\u00edt\u0151ipar az eur\u00f3pai \u00e1tlaghoz k\u00e9pest viszonylagos elmarad\u00e1sban van, \u00e9rdemes min\u00e9l hamarabb implement\u00e1lnunk a BIM-megold\u00e1sokat. Aki lemarad, azt el\u0151bb-ut\u00f3bb az \u00e1llami szab\u00e1lyoz\u00e1s k\u00e9nyszer\u00edti r\u00e1 a v\u00e1lt\u00e1sra.<\/p>\n<h2>A BIM bevezet\u00e9s Magyarorsz\u00e1gon<\/h2>\n<p>Az \u00e1llami \u00e9p\u00edt\u00e9si beruh\u00e1z\u00e1sok rendj\u00e9r\u0151l sz\u00f3l\u00f3 <a href=\"https:\/\/njt.hu\/jogszabaly\/2023-69-00-00\" target=\"_blank\" rel=\"noopener\">2023. \u00e9vi LXIX. t\u00f6rv\u00e9ny<\/a> (a tov\u00e1bbiakban: \u201eBeruh\u00e1z\u00e1si t\u00f6rv\u00e9ny\u201d) 2023. november 7. napj\u00e1n l\u00e9pett hat\u00e1lyba. A jogszab\u00e1ly c\u00e9lja, hogy \u00fajraszab\u00e1lyozza az \u00e1llami \u00e9p\u00edt\u00e9si beruh\u00e1z\u00e1sok teljes \u00e9letciklus\u00e1t az el\u0151k\u00e9sz\u00edt\u00e9st\u0151l a tervez\u00e9sen \u00e9s kivitelez\u00e9sen \u00e1t az \u00fczemeltet\u00e9sig &#8211; k\u00fcl\u00f6n\u00f6s figyelemmel a k\u00f6lts\u00e9ghat\u00e9konys\u00e1g \u00e9s az \u00e9rt\u00e9k-haszon szeml\u00e9let elv\u00e9re. A Beruh\u00e1z\u00e1si t\u00f6rv\u00e9nyt kell alkalmazni minden olyan \u00e9p\u00edt\u00e9si beruh\u00e1z\u00e1sra (ide\u00e9rtve az el\u0151k\u00e9sz\u00edt\u00e9st \u00e9s a megval\u00f3s\u00edt\u00e1st is), amely 50%-ot meghalad\u00f3 m\u00e9rt\u00e9kben \u00e1llami vagy eur\u00f3pai uni\u00f3s forr\u00e1sb\u00f3l val\u00f3sul meg. Az egyik legfontosabb \u00faj\u00edt\u00e1sa m\u00e9gis a szoftveren kereszt\u00fcl t\u00f6rt\u00e9n\u0151 \u00e9p\u00fclettervez\u00e9si m\u00f3dszertan, vagyis a fentebb t\u00e1rgyalt BIM bevezet\u00e9se. Az uni\u00f3s k\u00f6zbeszerz\u00e9si \u00e9rt\u00e9khat\u00e1rt el\u00e9r\u0151 vagy meghalad\u00f3 becs\u00fclt \u00e9rt\u00e9k\u0171 beruh\u00e1z\u00e1sok eset\u00e9ben az \u00e9p\u00edttet\u0151 k\u00f6teles lesz el\u0151\u00edrni a BIM alkalmaz\u00e1s\u00e1t, amelynek bevezet\u00e9se azonban jelenleg komoly kih\u00edv\u00e1st jelent aszakma sz\u00e1m\u00e1ra.<\/p>\n<blockquote>\n<h2>R\u00f6vid t\u00fcrelmi id\u0151 letelt\u00e9vel a 2023. december 31. napj\u00e1t k\u00f6vet\u0151en megkezdett \u00e1llami \u00e9p\u00edt\u00e9si beruh\u00e1z\u00e1sokra m\u00e1r k\u00f6telez\u0151 alkalmazni a BIM-re vonatkoz\u00f3 rendelkez\u00e9seket.<\/h2>\n<\/blockquote>\n<p>Ugyanakkor azok a r\u00e9szletszab\u00e1lyok, technikai rendelkez\u00e9sek, klasszifik\u00e1ci\u00f3s rendszerek m\u00e9g nem ker\u00fcltek kidolgoz\u00e1sra, amelyek alapj\u00e1n beruh\u00e1z\u00e1si k\u00f6lts\u00e9gbecsl\u00e9st lehet k\u00e9sz\u00edteni, \u00e9s amelyek megteremtik egy adott piacon a <em>k\u00f6z\u00f6s nyelvet<\/em> \u00e9s keretet az \u00e9p\u00edt\u0151ipari inform\u00e1ci\u00f3k kezel\u00e9s\u00e9hez, oszt\u00e1lyoz\u00e1s\u00e1hoz, rendszerez\u00e9s\u00e9hez \u00e9s tov\u00e1bbi felhaszn\u00e1l\u00e1s\u00e1hoz az \u00e9p\u00fclet teljes \u00e9letciklus\u00e1ra vet\u00edtve. A magyar AEC (\u00e9p\u00edt\u00e9szeti, m\u00e9rn\u00f6ki \u00e9s \u00e9p\u00edt\u0151ipari) piac az \u00e1llami BIM szab\u00e1lyoz\u00e1sra v\u00e1r, hogy felgyorsulhasson a digitaliz\u00e1ci\u00f3. A rendszer teh\u00e1t m\u00e9g jelenleg is kidolgoz\u00e1s alatt van.<\/p>\n<h2>Menj\u00fcnk bele a BIM jogi vonatkoz\u00e1sainak r\u00e9szleteibe!<\/h2>\n<p>A BIM-alap\u00fa elj\u00e1r\u00e1sok nem k\u00fcl\u00f6n\u00fclnek el a tervez\u00e9si folyamatokt\u00f3l, hanem azok r\u00e9szek\u00e9nt, az el\u0151re meghat\u00e1rozott c\u00e9loknak megfelel\u0151en seg\u00edtenek a d\u00f6nt\u00e9shozatalban \u00e9s a tervek elk\u00e9sz\u00edt\u00e9s\u00e9ben. A BIM\u2013ben val\u00f3 tervez\u00e9s akkor biztos\u00edtja a fenti el\u0151ny\u00f6ket, ha a szerz\u0151d\u00e9ses keretek k\u00f6z\u00f6tt szab\u00e1lyoz\u00e1sra ker\u00fclnek a t\u00e9nyleges k\u00f6vetelm\u00e9nyek, \u00edgy minden f\u00e9l sz\u00e1m\u00e1ra egy\u00e9rtelm\u0171 \u00e9s kisz\u00e1m\u00edthat\u00f3 felt\u00e9telrendszer \u00e9rv\u00e9nyes\u00fcl. Ennek kapcs\u00e1n nemzetk\u00f6zi (ISO 19650) \u00e9s magyar szabv\u00e1nyokat (MSZ EN ISO 19650- 1:2019, 2: 2019, 3: 2020) is elfogadtak m\u00e1r, amelyek le\u00edrnak egy optim\u00e1lis folyamatot. B\u00e1r ezek nem k\u00f6telez\u0151ek, alkalmaz\u00e1sukkal megteremthet\u0151k azok a keretek, amelyek a felek sz\u00e1m\u00e1ra k\u00f6lcs\u00f6n\u00f6s kisz\u00e1m\u00edthat\u00f3s\u00e1got, jogbiztons\u00e1got eredm\u00e9nyeznek. Teh\u00e1t \u00e9rdemes egy olyan szerz\u0151d\u00e9ses keretrendszert kialak\u00edtani, amely a szabv\u00e1nyokban foglalt folyamatokat lefedi. Magyarorsz\u00e1gon jelenleg a BIM m\u00f3dszertan \u00e9s ennek jogi lek\u00e9pez\u0151d\u00e9se is gyerekcip\u0151ben j\u00e1r m\u00e9g a gyakorlatban. Ugyanakkor a piaci v\u00e1rakoz\u00e1sok, \u00e9s mindenekel\u0151tt a Beruh\u00e1z\u00e1si t\u00f6rv\u00e9ny miatt (amely a k\u00f6zbeszerz\u00e9sekn\u00e9l k\u00f6telez\u0151v\u00e9 teszi a BIM haszn\u00e1lat\u00e1t) ez a helyzet feltehet\u0151en a k\u00f6zelj\u00f6v\u0151ben nagym\u00e9rt\u00e9kben meg fog v\u00e1ltozni. Azok teh\u00e1t, akik m\u00e1r most megkezdik a BIM szerinti jogi elj\u00e1r\u00e1sok kialak\u00edt\u00e1s\u00e1t \u00e9s implement\u00e1l\u00e1s\u00e1t, komoly versenyel\u0151nyre tehetnek szert a k\u00f6vetkez\u0151 \u00e9vekben, ugyanis a BIM hat\u00e9kony alkalmaz\u00e1sa elk\u00e9pzelhetetlen a vonatkoz\u00f3 jogi keretek pontos kialak\u00edt\u00e1sa n\u00e9lk\u00fcl.<\/p>\n<h2>Hogy is n\u00e9znek ki a &#8222;BIM szerz\u0151d\u00e9ses sarokk\u00f6vei&#8221;<\/h2>\n<p>A BIM-ben val\u00f3 tervez\u00e9s megfelel\u0151 jogi kereteinek kialak\u00edt\u00e1sa \u00e9rdek\u00e9ben mag\u00e1ban a tervez\u00e9si szerz\u0151d\u00e9sben sz\u00fcks\u00e9ges rendezni olyan t\u00e9mak\u00f6r\u00f6ket, mint a k\u00f6z\u00f6s adatk\u00f6rnyezet (CDE) l\u00e9trehoz\u00e1s\u00e1ra \u00e9s haszn\u00e1lat\u00e1ra vonatkoz\u00f3 rendelkez\u00e9sek, a kapcsol\u00f3d\u00f3 felhaszn\u00e1l\u00f3i szintek, \u00e9s jogosults\u00e1gok szab\u00e1lyoz\u00e1sa vagy a speci\u00e1lis felel\u0151ss\u00e9gbiztos\u00edt\u00e1sra vonatkoz\u00f3 k\u00f6telezetts\u00e9gv\u00e1llal\u00e1s. A tervez\u00e9si szerz\u0151d\u00e9sek f\u0151sz\u00f6veg\u00e9nek tartalmi meg\u00faj\u00edt\u00e1sa mellett addicion\u00e1lis BIM-specifikus jogi dokumentumok elk\u00e9sz\u00edt\u00e9se is sz\u00fcks\u00e9ges, k\u00fcl\u00f6n\u00f6sen az al\u00e1bbiak szerint:<\/p>\n<p>&nbsp;<\/p>\n<h3>A) EIR (Exchange Information Requirements &#8211; inform\u00e1ci\u00f3 cser\u00e9re vonatkoz\u00f3 k\u00f6vetelm\u00e9nyek)<\/h3>\n<p>Az EIR meghat\u00e1rozza, hogy a megrendel\u0151 mit szeretne csin\u00e1lni, mire akarja a projekt sor\u00e1n a BIM-modellt haszn\u00e1lni, ehhez milyen modelleket sz\u00fcks\u00e9ges elk\u00e9sz\u00edteni az egyes f\u00e1zisokban, meghat\u00e1rozva azok r\u00e9szletezetts\u00e9gi szintj\u00e9t \u00e9s a hozz\u00e1juk tartoz\u00f3 k\u00f6vetelm\u00e9nyeket. A Megrendel\u0151 az egyes projektf\u00e1zisokban az EIR k\u00f6vetelm\u00e9nyeit megvizsg\u00e1lva d\u00f6nti el, hogy teljes\u00fcltek-e az \u00e1ltala megfogalmazott c\u00e9lok, \u00edgy \u00e1tl\u00e9phet-e a projekt a k\u00f6vetkez\u0151 f\u00e1zisba. Ezek az el\u0151re defini\u00e1lt m\u00e9rf\u00f6ldk\u00f6vek megadj\u00e1k az egyes projektszakaszok z\u00e1r\u00e1s\u00e1t \u00e9s a k\u00f6vetkez\u0151 szakaszok kezdet\u00e9t. A k\u00e9s\u0151bbiekben minden tov\u00e1bbi szerz\u0151d\u00e9ses dokumentum hivatkoz\u00e1si alapj\u00e1t az EIR k\u00e9pezi.<\/p>\n<p>&nbsp;<\/p>\n<h3>B) SOW (Scope of Work \u2013 a feladatok t\u00e1rgyi hat\u00e1ly\u00e1nak meghat\u00e1roz\u00e1sa)<\/h3>\n<p>A SOW klasszifik\u00e1ci\u00f3s rendszerbe soroltan defini\u00e1lja r\u00e9szletesen az adott projektben modellezend\u0151 modellelemeket, illetve azok inform\u00e1ci\u00f3tartalm\u00e1t a LOD-szintek seg\u00edts\u00e9g\u00e9vel. Az egyes projektf\u00e1zisok teljes\u00edt\u00e9s\u00e9hez k\u00fcl\u00f6n SOW t\u00e1bl\u00e1zat k\u00e9sz\u00edt\u00e9se sz\u00fcks\u00e9ges, mely \u00f6sszhangban \u00e1ll az adott BIM-felhaszn\u00e1l\u00e1si m\u00f3ddal.<\/p>\n<p>&nbsp;<\/p>\n<h3>C) BEP (BIM Execution Plan &#8211; BIM v\u00e9grehajt\u00e1si terv)<\/h3>\n<p>Egy adott projekt BIM-munkar\u00e9szekkel kapcsolatos v\u00e1llal\u00e1sait \u00e9s el\u0151\u00edr\u00e1sait defini\u00e1lja az EIR alapj\u00e1n. Meghat\u00e1rozza a teljes\u00edt\u00e9s pontos r\u00e9szeit \u00e9s \u00fctemez\u00e9s\u00e9t, megjel\u00f6li a teljes\u00edt\u00e9shez k\u00f6thet\u0151 felel\u0151s\u00f6ket. A BEP-dokument\u00e1ci\u00f3t a tervez\u00e9s-modellez\u00e9s feladat\u00e1t ell\u00e1t\u00f3 f\u0151v\u00e1llalkoz\u00f3 k\u00e9sz\u00edti. A BEP elk\u00e9sz\u00edthet\u0151 tervez\u00e9si szerz\u0151d\u00e9s megk\u00f6t\u00e9se el\u0151tt \u00e9s ut\u00e1n is, att\u00f3l f\u00fcgg\u0151en, hogy a BIM-alap\u00fa folyamatok ig\u00e9nye a projekt mely f\u00e1zis\u00e1ban mer\u00fcl fel. Mindk\u00e9t esetben a szerz\u0151d\u00e9s elv\u00e1laszthatatlan mell\u00e9klet\u00e9t k\u00e9pezi. F\u0151 pontjai k\u00fcl\u00f6n\u00f6sen:<\/p>\n<ol>\n<li><em>c\u00e9lok \u00e9s felhaszn\u00e1l\u00e1s &#8211; meghat\u00e1rozza a BIM-modell c\u00e9lj\u00e1t \u00e9s k\u00e9s\u0151bbi felhaszn\u00e1l\u00e1s\u00e1t (BIM-alkalmaz\u00e1si ter\u00fcletek)<\/em><\/li>\n<li><em>a projektben alkalmazott szabv\u00e1ny(ok) felsorol\u00e1sa<\/em><\/li>\n<li><em>szoftverek &#8211; meghat\u00e1rozza a BIM-modellek el\u0151\u00e1ll\u00edt\u00e1s\u00e1hoz \u00e9s ellen\u0151rz\u00e9s\u00e9hez sz\u00fcks\u00e9ges szoftvereket, azok pontos verzi\u00f3sz\u00e1m\u00e1t, valamint kit\u00e9r a szak\u00e1gak k\u00f6z\u00f6tti egy\u00fcttm\u0171k\u00f6d\u00e9s szab\u00e1lyaira<\/em><\/li>\n<li><em>felel\u0151s\u00f6k: meghat\u00e1rozza a projekt vezet\u0151it, a munkak\u00f6r\u00f6ket \u00e9s a felel\u0151ss\u00e9gi szinteket<\/em><\/li>\n<li><em>megval\u00f3s\u00edtand\u00f3 projektfeladatok: meghat\u00e1rozza az \u00e1tadand\u00f3 munkar\u00e9szeket \u00e9s form\u00e1tumukat, valamint az adatcsere-folyamatokat<\/em><\/li>\n<li><em>projektjellemz\u0151k: \u00e9p\u00fcletek sz\u00e1ma, m\u00e9rete, elhelyezked\u00e9se, feladatok eloszt\u00e1sa \u00e9s az \u00fctemez\u00e9se<\/em><\/li>\n<li><em>k\u00f6z\u00f6s koordin\u00e1ta-rendszer: meghat\u00e1rozza a BIM-projekt k\u00f6z\u00f6s koordin\u00e1ta-rendszer\u00e9nek orig\u00f3j\u00e1t<\/em><\/li>\n<li><em>adatszegreg\u00e1ci\u00f3: meghat\u00e1rozza a modellszervez\u00e9si strukt\u00far\u00e1j\u00e1t, \u00edgy meg\u00e1llap\u00edtva a t\u00f6bb szak\u00e1g \u00e1ltali vagy t\u00f6bb felhaszn\u00e1l\u00f3 \u00e1ltali hozz\u00e1f\u00e9rhet\u0151s\u00e9get; f\u00e1zisokra bontva.<\/em><\/li>\n<li><em>a BIM-adatok tulajdonjog\u00e1t is defini\u00e1lja<\/em><\/li>\n<li><em>ellen\u0151rz\u00e9s &#8211; meghat\u00e1rozza a tervdokument\u00e1ci\u00f3 \u00e9s a BIM-modell ellen\u0151rz\u00e9si folyamatait<\/em><\/li>\n<li><em>adatcsere: le\u00edrja a kommunik\u00e1ci\u00f3s protokollokat, form\u00e1tumokat<\/em><\/li>\n<li><em>projekt-fel\u00fclvizsg\u00e1lati id\u0151pontok: a fel\u00fclvizsg\u00e1lati \u00e9s ellen\u0151rz\u00e9si d\u00e1tumok meghat\u00e1roz\u00e1sa az \u00f6sszes bels\u0151, illetve k\u00fcls\u0151 r\u00e9sztvev\u0151re vonatkoztatva.<\/em><\/li>\n<\/ol>\n<h3><\/h3>\n<h3>D) BIM Protokoll<\/h3>\n<p>A BIM protokoll egy adott projekt minden szerepl\u0151j\u00e9re k\u00f6telez\u0151 hat\u00e1ly\u00fa ir\u00e1nymutat\u00e1s, olyan kv\u00e1zi \u201eszab\u00e1lyzat\u201d, amely biztos\u00edtja, hogy ugyanazon k\u00f6vetelm\u00e9nyek, elv\u00e1r\u00e1sok, alapelvek ment\u00e9n t\u00f6rt\u00e9njen a k\u00fcl\u00f6nb\u00f6z\u0151 szerz\u0151d\u0151 felek teljes\u00edt\u00e9se, egym\u00e1ssal t\u00f6rt\u00e9n\u0151 kommunik\u00e1ci\u00f3ja &#8211; el\u0151seg\u00edtve a min\u0151s\u00e9gi teljes\u00edt\u00e9st. A protokollban r\u00f6gz\u00edthet\u0151 a projekt c\u00e9lja \u00e9s k\u00f6vetelm\u00e9nyei, az egyes \u00e9rdekelt felek szerepe \u00e9s feladatai, a betartand\u00f3 modellez\u00e9si szabv\u00e1nyok, a min\u0151s\u00e9gellen\u0151rz\u00e9si k\u00f6vetelm\u00e9nyek \u00e9s a m\u00f3dos\u00edt\u00e1sok kezel\u00e9se a projekt sor\u00e1n. A BIM-protokoll le\u00edrja a projekt egyes f\u00e1zisainak saj\u00e1tos k\u00f6vetelm\u00e9nyeit is, p\u00e9ld\u00e1ul a haszn\u00e1land\u00f3 szoftvereket, a k\u00fcl\u00f6nb\u00f6z\u0151 \u00e9rdekelt felek k\u00f6z\u00f6tti csereform\u00e1tumokat, az inform\u00e1ci\u00f3szintet \u00e9s a sz\u00fcks\u00e9ges r\u00e9szletess\u00e9g szintj\u00e9t. Egy j\u00f3 BIM-protokoll nagyban megk\u00f6nny\u00edti a k\u00fcl\u00f6nb\u00f6z\u0151 \u00e9rdekelt felek k\u00f6z\u00f6tti egy\u00fcttm\u0171k\u00f6d\u00e9st, ami nem csak id\u0151t, hanem komoly volumenben k\u00f6lts\u00e9get is megtakar\u00edthat az eg\u00e9sz projekt sor\u00e1n.<\/p>\n<h2>A BIM el\u0151nye megk\u00e9rd\u0151jelezhetetlen<\/h2>\n<p>A BIM hozz\u00e1adott \u00e9rt\u00e9ke a hagyom\u00e1nyos m\u00f3dszerekhez k\u00e9pest egy\u00e9rtelm\u0171. Ahhoz, hogy \u00e1ltal\u00e1nosan elterjedjen sz\u00fcks\u00e9ges az infrastrukt\u00fara (szoftver) fejleszt\u00e9se, a BIM-hez \u00e9rt\u0151 szak\u00e9rt\u0151k k\u00e9pz\u00e9se \u00e9s nem utols\u00f3 sorban a folyamatok pontos jogi lek\u00e9pez\u00e9se is. J\u00f3llehet a BIM alkalmaz\u00e1s\u00e1ra vonatkoz\u00f3 k\u00f6telez\u0151 rendelkez\u00e9sek az \u00e1llami szf\u00e9r\u00e1ban megval\u00f3sul\u00f3 beruh\u00e1z\u00e1sokat \u00e9rintik, felt\u00e9telezhet\u0151en a r\u00e9szletszab\u00e1lyok, technikai el\u0151felt\u00e9telek megteremt\u00e9s\u00e9t k\u00f6vet\u0151en a BIM alkalmaz\u00e1sa a mag\u00e1nszf\u00e9r\u00e1ba is be fog t\u00f6rni. A kezdeti f\u00e1zisban ugyan az \u00faj BIM m\u00f3dszer bevezet\u00e9se extra befektet\u00e9si k\u00f6lts\u00e9gekkel p\u00e1rosul, \u00fagy mint a technol\u00f3giai platform, benne a hardver, h\u00e1l\u00f3zat, t\u00e1rhely- \u00e9s felh\u0151kapacit\u00e1s, szoftver beszerz\u00e9se, tov\u00e1bb\u00e1 a k\u00e9pz\u00e9sek k\u00f6lts\u00e9ge, amihez hozz\u00e1j\u00f6n a projektmenedzsment \u00e1talak\u00edt\u00e1sa, a megl\u00e9v\u0151 munkafolyamatokban jelentkez\u0151 probl\u00e9m\u00e1k kezel\u00e9se, a csoportfolyamatok megv\u00e1ltoztat\u00e1sa, ak\u00e1r \u00faj szakemberek alkalmaz\u00e1sa.<\/p>\n<blockquote>\n<h2>Ugyanakkor a BIM bevezet\u00e9se olyan el\u0151ny\u00f6kkel p\u00e1rosul, mint a fel nem haszn\u00e1lt anyagok \u00e9s a hullad\u00e9k cs\u00f6kken\u00e9se, a tervez\u00e9si min\u0151s\u00e9g javul\u00e1sa, \u00faj \u00fcgyfelek megszerz\u00e9s\u00e9nek lehet\u0151s\u00e9g, az \u00fczleti modell b\u0151v\u00edt\u00e9se, \u00e9s nem utols\u00f3 sorban a projekt p\u00e9nz\u00fcgyi kock\u00e1zatainak cs\u00f6kken\u00e9se.<\/h2>\n<\/blockquote>\n<p>\u00d6sszess\u00e9g\u00e9ben teh\u00e1t az el\u0151ny\u00f6k k\u00f6z\u00e9p \u00e9s hossz\u00fat\u00e1von v\u00e1rhat\u00f3an messze t\u00falsz\u00e1rnyalj\u00e1k az esetleges h\u00e1tr\u00e1nyokat, kezdeti neh\u00e9zs\u00e9geket. Ezen \u00e9rvek ment\u00e9n egy sikeres BIM projekt n\u00e9lk\u00fcl\u00f6zhetetlen eleme a r\u00e9szletesen kidolgozott \u00e9s let\u00e1rgyalt, BIM-specifikus szerz\u0151d\u00e9ses strukt\u00fara megl\u00e9te.<\/p>","protected":false},"excerpt":{"rendered":"<p>A BIM nem puszt\u00e1n az \u00e9p\u00edt\u0151ipar technol\u00f3giai aspektusaira van hat\u00e1ssal. Fontos jogi szempontokat is m\u00e9rlegelni kell, amikor a v\u00e1llalkoz\u00e1sunk ebben az \u00faj, digit\u00e1lis modellben dolgozik. &nbsp; Az \u00e9p\u00edt\u0151ipar digit\u00e1lis reformjak\u00e9nt ismert BIM (Building Information Modeling, magyarul \u00c9p\u00fcletinform\u00e1ci\u00f3s Modellez\u00e9s) egy \u00fczleti szeml\u00e9let \u00e9s elj\u00e1r\u00e1s. R\u00f6viden: az \u00e9p\u00edt\u0151ipari projektek teljes \u00e1t\u00fcltet\u00e9se a digitaliz\u00e1ci\u00f3ba, hogy az els\u0151 vonalt\u00f3l [&hellip;]<\/p>\n","protected":false},"author":4,"featured_media":1293,"comment_status":"open","ping_status":"open","sticky":false,"template":"","format":"standard","meta":{"_et_pb_use_builder":"","_et_pb_old_content":"","_et_gb_content_width":"","inline_featured_image":false,"_monsterinsights_skip_tracking":false,"_monsterinsights_sitenote_active":false,"_monsterinsights_sitenote_note":"","_monsterinsights_sitenote_category":0,"footnotes":""},"categories":[18],"tags":[],"class_list":["post-1246","post","type-post","status-publish","format-standard","has-post-thumbnail","hentry","category-hasznos"],"yoast_head":"<!-- This site is optimized with the Yoast SEO plugin v27.3 - https:\/\/yoast.com\/product\/yoast-seo-wordpress\/ -->\n<title>Mit \u00e9rdemes tudnod a BIM jogi aspektusair\u00f3l? - Keystone<\/title>\n<meta name=\"robots\" content=\"index, follow, max-snippet:-1, max-image-preview:large, max-video-preview:-1\" \/>\n<link rel=\"canonical\" href=\"https:\/\/keystone.live\/en\/2024\/05\/28\/a-bim-jogi-vonatkozasait-nem-soporheted-az-asztal-ala\/\" \/>\n<meta property=\"og:locale\" content=\"en_GB\" \/>\n<meta property=\"og:type\" content=\"article\" \/>\n<meta property=\"og:title\" content=\"Mit \u00e9rdemes tudnod a BIM jogi aspektusair\u00f3l? - Keystone\" \/>\n<meta property=\"og:description\" content=\"A BIM nem puszt\u00e1n az \u00e9p\u00edt\u0151ipar technol\u00f3giai aspektusaira van hat\u00e1ssal. Fontos jogi szempontokat is m\u00e9rlegelni kell, amikor a v\u00e1llalkoz\u00e1sunk ebben az \u00faj, digit\u00e1lis modellben dolgozik. &nbsp; Az \u00e9p\u00edt\u0151ipar digit\u00e1lis reformjak\u00e9nt ismert BIM (Building Information Modeling, magyarul \u00c9p\u00fcletinform\u00e1ci\u00f3s Modellez\u00e9s) egy \u00fczleti szeml\u00e9let \u00e9s elj\u00e1r\u00e1s. R\u00f6viden: az \u00e9p\u00edt\u0151ipari projektek teljes \u00e1t\u00fcltet\u00e9se a digitaliz\u00e1ci\u00f3ba, hogy az els\u0151 vonalt\u00f3l [&hellip;]\" \/>\n<meta property=\"og:url\" content=\"https:\/\/keystone.live\/en\/2024\/05\/28\/a-bim-jogi-vonatkozasait-nem-soporheted-az-asztal-ala\/\" \/>\n<meta property=\"og:site_name\" content=\"Keystone\" \/>\n<meta property=\"article:published_time\" content=\"2024-05-28T15:42:37+00:00\" \/>\n<meta property=\"article:modified_time\" content=\"2024-05-31T13:35:44+00:00\" \/>\n<meta property=\"og:image\" content=\"https:\/\/keystone.live\/wp-content\/uploads\/2024\/05\/illusztracio_bim_tervezes_epiteszet_ifc_02.jpg\" \/>\n\t<meta property=\"og:image:width\" content=\"1200\" \/>\n\t<meta property=\"og:image:height\" content=\"686\" \/>\n\t<meta property=\"og:image:type\" content=\"image\/jpeg\" \/>\n<meta name=\"author\" content=\"zoli\" \/>\n<meta name=\"twitter:card\" content=\"summary_large_image\" \/>\n<meta name=\"twitter:label1\" content=\"Written by\" \/>\n\t<meta name=\"twitter:data1\" content=\"zoli\" \/>\n\t<meta name=\"twitter:label2\" content=\"Estimated reading time\" \/>\n\t<meta name=\"twitter:data2\" content=\"7 minutes\" \/>\n<script type=\"application\/ld+json\" class=\"yoast-schema-graph\">{\"@context\":\"https:\\\/\\\/schema.org\",\"@graph\":[{\"@type\":\"Article\",\"@id\":\"https:\\\/\\\/keystone.live\\\/2024\\\/05\\\/28\\\/a-bim-jogi-vonatkozasait-nem-soporheted-az-asztal-ala\\\/#article\",\"isPartOf\":{\"@id\":\"https:\\\/\\\/keystone.live\\\/2024\\\/05\\\/28\\\/a-bim-jogi-vonatkozasait-nem-soporheted-az-asztal-ala\\\/\"},\"author\":{\"name\":\"zoli\",\"@id\":\"https:\\\/\\\/keystone.live\\\/#\\\/schema\\\/person\\\/7109b51fed56be84cc4c0b3947f2fb1e\"},\"headline\":\"Mit \u00e9rdemes tudnod a BIM jogi aspektusair\u00f3l?\",\"datePublished\":\"2024-05-28T15:42:37+00:00\",\"dateModified\":\"2024-05-31T13:35:44+00:00\",\"mainEntityOfPage\":{\"@id\":\"https:\\\/\\\/keystone.live\\\/2024\\\/05\\\/28\\\/a-bim-jogi-vonatkozasait-nem-soporheted-az-asztal-ala\\\/\"},\"wordCount\":2586,\"commentCount\":0,\"publisher\":{\"@id\":\"https:\\\/\\\/keystone.live\\\/#organization\"},\"image\":{\"@id\":\"https:\\\/\\\/keystone.live\\\/2024\\\/05\\\/28\\\/a-bim-jogi-vonatkozasait-nem-soporheted-az-asztal-ala\\\/#primaryimage\"},\"thumbnailUrl\":\"https:\\\/\\\/keystone.live\\\/wp-content\\\/uploads\\\/2024\\\/05\\\/illusztracio_bim_tervezes_epiteszet_ifc_02.jpg\",\"articleSection\":[\"Hasznos\"],\"inLanguage\":\"en-GB\",\"potentialAction\":[{\"@type\":\"CommentAction\",\"name\":\"Comment\",\"target\":[\"https:\\\/\\\/keystone.live\\\/2024\\\/05\\\/28\\\/a-bim-jogi-vonatkozasait-nem-soporheted-az-asztal-ala\\\/#respond\"]}]},{\"@type\":\"WebPage\",\"@id\":\"https:\\\/\\\/keystone.live\\\/2024\\\/05\\\/28\\\/a-bim-jogi-vonatkozasait-nem-soporheted-az-asztal-ala\\\/\",\"url\":\"https:\\\/\\\/keystone.live\\\/2024\\\/05\\\/28\\\/a-bim-jogi-vonatkozasait-nem-soporheted-az-asztal-ala\\\/\",\"name\":\"Mit \u00e9rdemes tudnod a BIM jogi aspektusair\u00f3l? - Keystone\",\"isPartOf\":{\"@id\":\"https:\\\/\\\/keystone.live\\\/#website\"},\"primaryImageOfPage\":{\"@id\":\"https:\\\/\\\/keystone.live\\\/2024\\\/05\\\/28\\\/a-bim-jogi-vonatkozasait-nem-soporheted-az-asztal-ala\\\/#primaryimage\"},\"image\":{\"@id\":\"https:\\\/\\\/keystone.live\\\/2024\\\/05\\\/28\\\/a-bim-jogi-vonatkozasait-nem-soporheted-az-asztal-ala\\\/#primaryimage\"},\"thumbnailUrl\":\"https:\\\/\\\/keystone.live\\\/wp-content\\\/uploads\\\/2024\\\/05\\\/illusztracio_bim_tervezes_epiteszet_ifc_02.jpg\",\"datePublished\":\"2024-05-28T15:42:37+00:00\",\"dateModified\":\"2024-05-31T13:35:44+00:00\",\"breadcrumb\":{\"@id\":\"https:\\\/\\\/keystone.live\\\/2024\\\/05\\\/28\\\/a-bim-jogi-vonatkozasait-nem-soporheted-az-asztal-ala\\\/#breadcrumb\"},\"inLanguage\":\"en-GB\",\"potentialAction\":[{\"@type\":\"ReadAction\",\"target\":[\"https:\\\/\\\/keystone.live\\\/2024\\\/05\\\/28\\\/a-bim-jogi-vonatkozasait-nem-soporheted-az-asztal-ala\\\/\"]}]},{\"@type\":\"ImageObject\",\"inLanguage\":\"en-GB\",\"@id\":\"https:\\\/\\\/keystone.live\\\/2024\\\/05\\\/28\\\/a-bim-jogi-vonatkozasait-nem-soporheted-az-asztal-ala\\\/#primaryimage\",\"url\":\"https:\\\/\\\/keystone.live\\\/wp-content\\\/uploads\\\/2024\\\/05\\\/illusztracio_bim_tervezes_epiteszet_ifc_02.jpg\",\"contentUrl\":\"https:\\\/\\\/keystone.live\\\/wp-content\\\/uploads\\\/2024\\\/05\\\/illusztracio_bim_tervezes_epiteszet_ifc_02.jpg\",\"width\":1200,\"height\":686},{\"@type\":\"BreadcrumbList\",\"@id\":\"https:\\\/\\\/keystone.live\\\/2024\\\/05\\\/28\\\/a-bim-jogi-vonatkozasait-nem-soporheted-az-asztal-ala\\\/#breadcrumb\",\"itemListElement\":[{\"@type\":\"ListItem\",\"position\":1,\"name\":\"Kezd\u0151lap\",\"item\":\"https:\\\/\\\/keystone.live\\\/\"},{\"@type\":\"ListItem\",\"position\":2,\"name\":\"Mit \u00e9rdemes tudnod a BIM jogi aspektusair\u00f3l?\"}]},{\"@type\":\"WebSite\",\"@id\":\"https:\\\/\\\/keystone.live\\\/#website\",\"url\":\"https:\\\/\\\/keystone.live\\\/\",\"name\":\"Keystone\",\"description\":\"BUILT ON PRECISION\",\"publisher\":{\"@id\":\"https:\\\/\\\/keystone.live\\\/#organization\"},\"potentialAction\":[{\"@type\":\"SearchAction\",\"target\":{\"@type\":\"EntryPoint\",\"urlTemplate\":\"https:\\\/\\\/keystone.live\\\/?s={search_term_string}\"},\"query-input\":{\"@type\":\"PropertyValueSpecification\",\"valueRequired\":true,\"valueName\":\"search_term_string\"}}],\"inLanguage\":\"en-GB\"},{\"@type\":\"Organization\",\"@id\":\"https:\\\/\\\/keystone.live\\\/#organization\",\"name\":\"Keystone\",\"url\":\"https:\\\/\\\/keystone.live\\\/\",\"logo\":{\"@type\":\"ImageObject\",\"inLanguage\":\"en-GB\",\"@id\":\"https:\\\/\\\/keystone.live\\\/#\\\/schema\\\/logo\\\/image\\\/\",\"url\":\"http:\\\/\\\/wp2.keystone.live\\\/wp-content\\\/uploads\\\/2024\\\/03\\\/cropped-keystone_favicon.png\",\"contentUrl\":\"http:\\\/\\\/wp2.keystone.live\\\/wp-content\\\/uploads\\\/2024\\\/03\\\/cropped-keystone_favicon.png\",\"width\":512,\"height\":512,\"caption\":\"Keystone\"},\"image\":{\"@id\":\"https:\\\/\\\/keystone.live\\\/#\\\/schema\\\/logo\\\/image\\\/\"}},{\"@type\":\"Person\",\"@id\":\"https:\\\/\\\/keystone.live\\\/#\\\/schema\\\/person\\\/7109b51fed56be84cc4c0b3947f2fb1e\",\"name\":\"zoli\",\"image\":{\"@type\":\"ImageObject\",\"inLanguage\":\"en-GB\",\"@id\":\"https:\\\/\\\/secure.gravatar.com\\\/avatar\\\/587b62727407847d0177d1fd5caf2b797daf50e292cc937f66a49bc45badad8e?s=96&d=mm&r=g\",\"url\":\"https:\\\/\\\/secure.gravatar.com\\\/avatar\\\/587b62727407847d0177d1fd5caf2b797daf50e292cc937f66a49bc45badad8e?s=96&d=mm&r=g\",\"contentUrl\":\"https:\\\/\\\/secure.gravatar.com\\\/avatar\\\/587b62727407847d0177d1fd5caf2b797daf50e292cc937f66a49bc45badad8e?s=96&d=mm&r=g\",\"caption\":\"zoli\"}}]}<\/script>\n<!-- \/ Yoast SEO plugin. -->","yoast_head_json":{"title":"Mit \u00e9rdemes tudnod a BIM jogi aspektusair\u00f3l? - Keystone","robots":{"index":"index","follow":"follow","max-snippet":"max-snippet:-1","max-image-preview":"max-image-preview:large","max-video-preview":"max-video-preview:-1"},"canonical":"https:\/\/keystone.live\/en\/2024\/05\/28\/a-bim-jogi-vonatkozasait-nem-soporheted-az-asztal-ala\/","og_locale":"en_GB","og_type":"article","og_title":"Mit \u00e9rdemes tudnod a BIM jogi aspektusair\u00f3l? - Keystone","og_description":"A BIM nem puszt\u00e1n az \u00e9p\u00edt\u0151ipar technol\u00f3giai aspektusaira van hat\u00e1ssal. Fontos jogi szempontokat is m\u00e9rlegelni kell, amikor a v\u00e1llalkoz\u00e1sunk ebben az \u00faj, digit\u00e1lis modellben dolgozik. &nbsp; Az \u00e9p\u00edt\u0151ipar digit\u00e1lis reformjak\u00e9nt ismert BIM (Building Information Modeling, magyarul \u00c9p\u00fcletinform\u00e1ci\u00f3s Modellez\u00e9s) egy \u00fczleti szeml\u00e9let \u00e9s elj\u00e1r\u00e1s. R\u00f6viden: az \u00e9p\u00edt\u0151ipari projektek teljes \u00e1t\u00fcltet\u00e9se a digitaliz\u00e1ci\u00f3ba, hogy az els\u0151 vonalt\u00f3l [&hellip;]","og_url":"https:\/\/keystone.live\/en\/2024\/05\/28\/a-bim-jogi-vonatkozasait-nem-soporheted-az-asztal-ala\/","og_site_name":"Keystone","article_published_time":"2024-05-28T15:42:37+00:00","article_modified_time":"2024-05-31T13:35:44+00:00","og_image":[{"width":1200,"height":686,"url":"https:\/\/keystone.live\/wp-content\/uploads\/2024\/05\/illusztracio_bim_tervezes_epiteszet_ifc_02.jpg","type":"image\/jpeg"}],"author":"zoli","twitter_card":"summary_large_image","twitter_misc":{"Written by":"zoli","Estimated reading time":"7 minutes"},"schema":{"@context":"https:\/\/schema.org","@graph":[{"@type":"Article","@id":"https:\/\/keystone.live\/2024\/05\/28\/a-bim-jogi-vonatkozasait-nem-soporheted-az-asztal-ala\/#article","isPartOf":{"@id":"https:\/\/keystone.live\/2024\/05\/28\/a-bim-jogi-vonatkozasait-nem-soporheted-az-asztal-ala\/"},"author":{"name":"zoli","@id":"https:\/\/keystone.live\/#\/schema\/person\/7109b51fed56be84cc4c0b3947f2fb1e"},"headline":"Mit \u00e9rdemes tudnod a BIM jogi aspektusair\u00f3l?","datePublished":"2024-05-28T15:42:37+00:00","dateModified":"2024-05-31T13:35:44+00:00","mainEntityOfPage":{"@id":"https:\/\/keystone.live\/2024\/05\/28\/a-bim-jogi-vonatkozasait-nem-soporheted-az-asztal-ala\/"},"wordCount":2586,"commentCount":0,"publisher":{"@id":"https:\/\/keystone.live\/#organization"},"image":{"@id":"https:\/\/keystone.live\/2024\/05\/28\/a-bim-jogi-vonatkozasait-nem-soporheted-az-asztal-ala\/#primaryimage"},"thumbnailUrl":"https:\/\/keystone.live\/wp-content\/uploads\/2024\/05\/illusztracio_bim_tervezes_epiteszet_ifc_02.jpg","articleSection":["Hasznos"],"inLanguage":"en-GB","potentialAction":[{"@type":"CommentAction","name":"Comment","target":["https:\/\/keystone.live\/2024\/05\/28\/a-bim-jogi-vonatkozasait-nem-soporheted-az-asztal-ala\/#respond"]}]},{"@type":"WebPage","@id":"https:\/\/keystone.live\/2024\/05\/28\/a-bim-jogi-vonatkozasait-nem-soporheted-az-asztal-ala\/","url":"https:\/\/keystone.live\/2024\/05\/28\/a-bim-jogi-vonatkozasait-nem-soporheted-az-asztal-ala\/","name":"Mit \u00e9rdemes tudnod a BIM jogi aspektusair\u00f3l? - Keystone","isPartOf":{"@id":"https:\/\/keystone.live\/#website"},"primaryImageOfPage":{"@id":"https:\/\/keystone.live\/2024\/05\/28\/a-bim-jogi-vonatkozasait-nem-soporheted-az-asztal-ala\/#primaryimage"},"image":{"@id":"https:\/\/keystone.live\/2024\/05\/28\/a-bim-jogi-vonatkozasait-nem-soporheted-az-asztal-ala\/#primaryimage"},"thumbnailUrl":"https:\/\/keystone.live\/wp-content\/uploads\/2024\/05\/illusztracio_bim_tervezes_epiteszet_ifc_02.jpg","datePublished":"2024-05-28T15:42:37+00:00","dateModified":"2024-05-31T13:35:44+00:00","breadcrumb":{"@id":"https:\/\/keystone.live\/2024\/05\/28\/a-bim-jogi-vonatkozasait-nem-soporheted-az-asztal-ala\/#breadcrumb"},"inLanguage":"en-GB","potentialAction":[{"@type":"ReadAction","target":["https:\/\/keystone.live\/2024\/05\/28\/a-bim-jogi-vonatkozasait-nem-soporheted-az-asztal-ala\/"]}]},{"@type":"ImageObject","inLanguage":"en-GB","@id":"https:\/\/keystone.live\/2024\/05\/28\/a-bim-jogi-vonatkozasait-nem-soporheted-az-asztal-ala\/#primaryimage","url":"https:\/\/keystone.live\/wp-content\/uploads\/2024\/05\/illusztracio_bim_tervezes_epiteszet_ifc_02.jpg","contentUrl":"https:\/\/keystone.live\/wp-content\/uploads\/2024\/05\/illusztracio_bim_tervezes_epiteszet_ifc_02.jpg","width":1200,"height":686},{"@type":"BreadcrumbList","@id":"https:\/\/keystone.live\/2024\/05\/28\/a-bim-jogi-vonatkozasait-nem-soporheted-az-asztal-ala\/#breadcrumb","itemListElement":[{"@type":"ListItem","position":1,"name":"Kezd\u0151lap","item":"https:\/\/keystone.live\/"},{"@type":"ListItem","position":2,"name":"Mit \u00e9rdemes tudnod a BIM jogi aspektusair\u00f3l?"}]},{"@type":"WebSite","@id":"https:\/\/keystone.live\/#website","url":"https:\/\/keystone.live\/","name":"Keystone","description":"BUILT ON PRECISION","publisher":{"@id":"https:\/\/keystone.live\/#organization"},"potentialAction":[{"@type":"SearchAction","target":{"@type":"EntryPoint","urlTemplate":"https:\/\/keystone.live\/?s={search_term_string}"},"query-input":{"@type":"PropertyValueSpecification","valueRequired":true,"valueName":"search_term_string"}}],"inLanguage":"en-GB"},{"@type":"Organization","@id":"https:\/\/keystone.live\/#organization","name":"Keystone","url":"https:\/\/keystone.live\/","logo":{"@type":"ImageObject","inLanguage":"en-GB","@id":"https:\/\/keystone.live\/#\/schema\/logo\/image\/","url":"http:\/\/wp2.keystone.live\/wp-content\/uploads\/2024\/03\/cropped-keystone_favicon.png","contentUrl":"http:\/\/wp2.keystone.live\/wp-content\/uploads\/2024\/03\/cropped-keystone_favicon.png","width":512,"height":512,"caption":"Keystone"},"image":{"@id":"https:\/\/keystone.live\/#\/schema\/logo\/image\/"}},{"@type":"Person","@id":"https:\/\/keystone.live\/#\/schema\/person\/7109b51fed56be84cc4c0b3947f2fb1e","name":"zoli","image":{"@type":"ImageObject","inLanguage":"en-GB","@id":"https:\/\/secure.gravatar.com\/avatar\/587b62727407847d0177d1fd5caf2b797daf50e292cc937f66a49bc45badad8e?s=96&d=mm&r=g","url":"https:\/\/secure.gravatar.com\/avatar\/587b62727407847d0177d1fd5caf2b797daf50e292cc937f66a49bc45badad8e?s=96&d=mm&r=g","contentUrl":"https:\/\/secure.gravatar.com\/avatar\/587b62727407847d0177d1fd5caf2b797daf50e292cc937f66a49bc45badad8e?s=96&d=mm&r=g","caption":"zoli"}}]}},"_links":{"self":[{"href":"https:\/\/keystone.live\/en\/wp-json\/wp\/v2\/posts\/1246","targetHints":{"allow":["GET"]}}],"collection":[{"href":"https:\/\/keystone.live\/en\/wp-json\/wp\/v2\/posts"}],"about":[{"href":"https:\/\/keystone.live\/en\/wp-json\/wp\/v2\/types\/post"}],"author":[{"embeddable":true,"href":"https:\/\/keystone.live\/en\/wp-json\/wp\/v2\/users\/4"}],"replies":[{"embeddable":true,"href":"https:\/\/keystone.live\/en\/wp-json\/wp\/v2\/comments?post=1246"}],"version-history":[{"count":11,"href":"https:\/\/keystone.live\/en\/wp-json\/wp\/v2\/posts\/1246\/revisions"}],"predecessor-version":[{"id":1285,"href":"https:\/\/keystone.live\/en\/wp-json\/wp\/v2\/posts\/1246\/revisions\/1285"}],"wp:featuredmedia":[{"embeddable":true,"href":"https:\/\/keystone.live\/en\/wp-json\/wp\/v2\/media\/1293"}],"wp:attachment":[{"href":"https:\/\/keystone.live\/en\/wp-json\/wp\/v2\/media?parent=1246"}],"wp:term":[{"taxonomy":"category","embeddable":true,"href":"https:\/\/keystone.live\/en\/wp-json\/wp\/v2\/categories?post=1246"},{"taxonomy":"post_tag","embeddable":true,"href":"https:\/\/keystone.live\/en\/wp-json\/wp\/v2\/tags?post=1246"}],"curies":[{"name":"wp","href":"https:\/\/api.w.org\/{rel}","templated":true}]}}